{"id":2801,"date":"2026-03-12T10:13:24","date_gmt":"2026-03-12T13:13:24","guid":{"rendered":"https:\/\/connectaoeste.com.br\/?p=2801"},"modified":"2026-03-12T10:13:24","modified_gmt":"2026-03-12T13:13:24","slug":"cenas-de-conteudo-adulto-aparecem-em-tv-durante-sessao-da-camara-de-laje-e-causam-constrangimento","status":"publish","type":"post","link":"https:\/\/connectaoeste.com.br\/index.php\/2026\/03\/12\/cenas-de-conteudo-adulto-aparecem-em-tv-durante-sessao-da-camara-de-laje-e-causam-constrangimento\/","title":{"rendered":"Cenas de conte\u00fado adulto aparecem em TV durante sess\u00e3o da C\u00e2mara de Laje e causam constrangimento."},"content":{"rendered":"<!--[if lt IE 9]><script>document.createElement('audio');<\/script><![endif]-->\n<audio class=\"wp-audio-shortcode\" id=\"audio-2801-1\" autoplay preload=\"none\" style=\"width: 100%;\" controls=\"controls\"><source type=\"audio\/mpeg\" src=\"http:\/\/connectaoeste.com.br\/wp-content\/uploads\/2026\/03\/Audio-12_03_2026.m4a?_=1\" \/><a href=\"http:\/\/connectaoeste.com.br\/wp-content\/uploads\/2026\/03\/Audio-12_03_2026.m4a\">http:\/\/connectaoeste.com.br\/wp-content\/uploads\/2026\/03\/Audio-12_03_2026.m4a<\/a><\/audio>\n<p>Uma situa\u00e7\u00e3o inusitada e constrangedora marcou uma sess\u00e3o da C\u00e2mara Municipal de vereadores de Laje. Durante a reuni\u00e3o legislativa realizada na ter\u00e7a-feira (10), imagens de conte\u00fado adulto foram exibidas em uma das telas usadas para transmiss\u00e3o da sess\u00e3o, surpreendendo parlamentares e quem acompanhava o encontro.\u00a0De acordo com informa\u00e7\u00f5es divulgadas pela pr\u00f3pria C\u00e2mara, o epis\u00f3dio ocorreu enquanto os vereadores realizavam os trabalhos legislativos.<\/p>\n<div style=\"width: 640px;\" class=\"wp-video\"><!--[if lt IE 9]><script>document.createElement('video');<\/script><![endif]-->\n<video class=\"wp-video-shortcode\" id=\"video-2801-1\" width=\"640\" height=\"360\" preload=\"metadata\" controls=\"controls\"><source type=\"video\/mp4\" src=\"http:\/\/connectaoeste.com.br\/wp-content\/uploads\/2026\/03\/0312dddd.mp4?_=1\" \/><a href=\"http:\/\/connectaoeste.com.br\/wp-content\/uploads\/2026\/03\/0312dddd.mp4\">http:\/\/connectaoeste.com.br\/wp-content\/uploads\/2026\/03\/0312dddd.mp4<\/a><\/video><\/div>\n<p>Em determinado momento, imagens impr\u00f3prias apareceram na televis\u00e3o instalada no plen\u00e1rio, causando espanto entre os presentes e interrompendo temporariamente a sess\u00e3o.\u00a0O fato tamb\u00e9m acabou repercutindo nas redes sociais, j\u00e1 que a sess\u00e3o estava sendo transmitida ao vivo pelos canais oficiais do Legislativo municipal, ampliando a visibilidade do ocorrido.<\/p>\n<p><a href=\"https:\/\/conecta.luiseduardomagalhaes.ba.gov.br\/site\/login\"><img loading=\"lazy\" decoding=\"async\" class=\"wp-image-2478 aligncenter\" src=\"http:\/\/connectaoeste.com.br\/wp-content\/uploads\/2025\/08\/cropped-cropped-cropped-BAIXE-O-CONECTA-LEM-BLOG-1140X200px-300x53.jpg\" alt=\"\" width=\"578\" height=\"102\" srcset=\"https:\/\/connectaoeste.com.br\/wp-content\/uploads\/2025\/08\/cropped-cropped-cropped-BAIXE-O-CONECTA-LEM-BLOG-1140X200px-300x53.jpg 300w, https:\/\/connectaoeste.com.br\/wp-content\/uploads\/2025\/08\/cropped-cropped-cropped-BAIXE-O-CONECTA-LEM-BLOG-1140X200px-1024x180.jpg 1024w, https:\/\/connectaoeste.com.br\/wp-content\/uploads\/2025\/08\/cropped-cropped-cropped-BAIXE-O-CONECTA-LEM-BLOG-1140X200px-768x135.jpg 768w, https:\/\/connectaoeste.com.br\/wp-content\/uploads\/2025\/08\/cropped-cropped-cropped-BAIXE-O-CONECTA-LEM-BLOG-1140X200px-200x35.jpg 200w, https:\/\/connectaoeste.com.br\/wp-content\/uploads\/2025\/08\/cropped-cropped-cropped-BAIXE-O-CONECTA-LEM-BLOG-1140X200px.jpg 1140w\" sizes=\"auto, (max-width: 578px) 100vw, 578px\" \/><\/a><\/p>\n<p>Ap\u00f3s a repercuss\u00e3o, a C\u00e2mara Municipal informou que iniciou procedimentos para investigar o que provocou a exibi\u00e7\u00e3o do conte\u00fado. Segundo o comunicado, h\u00e1 ind\u00edcios de que o problema possa ter sido causado por interfer\u00eancia externa ou falha no sistema de transmiss\u00e3o utilizado durante a sess\u00e3o.\u00a0O Legislativo municipal afirmou ainda que medidas administrativas e jur\u00eddicas poder\u00e3o ser adotadas caso seja identificado algum respons\u00e1vel pelo epis\u00f3dio. Al\u00e9m disso, a C\u00e2mara pretende refor\u00e7ar os protocolos de seguran\u00e7a e o controle dos equipamentos usados nas transmiss\u00f5es das sess\u00f5es.\u00a0O caso gerou grande repercuss\u00e3o nas redes sociais e entre moradores da cidade, principalmente pela natureza inesperada do ocorrido em um ambiente institucional. Apesar do constrangimento, a C\u00e2mara destacou que est\u00e1 tratando o epis\u00f3dio com seriedade e que busca esclarecer completamente o que aconteceu para evitar que situa\u00e7\u00f5es semelhantes se repitam.<\/p>\n<p style=\"text-align: center;\"><strong><img decoding=\"async\" class=\"emoji aligncenter\" role=\"img\" draggable=\"false\" src=\"https:\/\/s.w.org\/images\/core\/emoji\/16.0.1\/svg\/1f4e1.svg\" alt=\"\ud83d\udce1\" \/>\u00a0Connecta Oeste \u2014 conectando voc\u00ea \u00e0 informa\u00e7\u00e3o de qualidade!<\/strong><\/p>\n","protected":false},"excerpt":{"rendered":"<p>Uma situa\u00e7\u00e3o inusitada e constrangedora marcou uma sess\u00e3o da C\u00e2mara Municipal de vereadores de Laje. Durante a reuni\u00e3o legislativa realizada na ter\u00e7a-feira (10), imagens de conte\u00fado adulto foram exibidas em uma das telas usadas para transmiss\u00e3o da sess\u00e3o, surpreendendo parlamentares e quem acompanhava o encontro.\u00a0De acordo com informa\u00e7\u00f5es divulgadas pela pr\u00f3pria C\u00e2mara, o epis\u00f3dio ocorreu [&hellip;]<\/p>\n","protected":false},"author":1,"featured_media":2803,"comment_status":"open","ping_status":"open","sticky":false,"template":"","format":"standard","meta":{"footnotes":""},"categories":[5,1],"tags":[],"class_list":["post-2801","post","type-post","status-publish","format-standard","has-post-thumbnail","hentry","category-noticias","category-politica"],"_links":{"self":[{"href":"https:\/\/connectaoeste.com.br\/index.php\/wp-json\/wp\/v2\/posts\/2801","targetHints":{"allow":["GET"]}}],"collection":[{"href":"https:\/\/connectaoeste.com.br\/index.php\/wp-json\/wp\/v2\/posts"}],"about":[{"href":"https:\/\/connectaoeste.com.br\/index.php\/wp-json\/wp\/v2\/types\/post"}],"author":[{"embeddable":true,"href":"https:\/\/connectaoeste.com.br\/index.php\/wp-json\/wp\/v2\/users\/1"}],"replies":[{"embeddable":true,"href":"https:\/\/connectaoeste.com.br\/index.php\/wp-json\/wp\/v2\/comments?post=2801"}],"version-history":[{"count":2,"href":"https:\/\/connectaoeste.com.br\/index.php\/wp-json\/wp\/v2\/posts\/2801\/revisions"}],"predecessor-version":[{"id":2806,"href":"https:\/\/connectaoeste.com.br\/index.php\/wp-json\/wp\/v2\/posts\/2801\/revisions\/2806"}],"wp:featuredmedia":[{"embeddable":true,"href":"https:\/\/connectaoeste.com.br\/index.php\/wp-json\/wp\/v2\/media\/2803"}],"wp:attachment":[{"href":"https:\/\/connectaoeste.com.br\/index.php\/wp-json\/wp\/v2\/media?parent=2801"}],"wp:term":[{"taxonomy":"category","embeddable":true,"href":"https:\/\/connectaoeste.com.br\/index.php\/wp-json\/wp\/v2\/categories?post=2801"},{"taxonomy":"post_tag","embeddable":true,"href":"https:\/\/connectaoeste.com.br\/index.php\/wp-json\/wp\/v2\/tags?post=2801"}],"curies":[{"name":"wp","href":"https:\/\/api.w.org\/{rel}","templated":true}]}}