{"id":2808,"date":"2026-03-13T15:32:03","date_gmt":"2026-03-13T18:32:03","guid":{"rendered":"https:\/\/connectaoeste.com.br\/?p=2808"},"modified":"2026-03-13T15:32:03","modified_gmt":"2026-03-13T18:32:03","slug":"homem-e-preso-por-sequestro-carcere-privado-e-estupro-em-santa-maria-da-vitoria","status":"publish","type":"post","link":"https:\/\/connectaoeste.com.br\/index.php\/2026\/03\/13\/homem-e-preso-por-sequestro-carcere-privado-e-estupro-em-santa-maria-da-vitoria\/","title":{"rendered":"Homem \u00e9 preso por sequestro, c\u00e1rcere privado e estupro em Santa Maria da Vit\u00f3ria."},"content":{"rendered":"<p>Um homem de 30 anos foi preso na manh\u00e3 desta quinta-feira (12) no munic\u00edpio de Santa Maria da Vit\u00f3ria, no oeste da Bahia, suspeito de cometer diversos crimes contra uma mulher. A pris\u00e3o preventiva foi cumprida por equipes da Pol\u00edcia Civil da Bahia.<\/p>\n<p>De acordo com as investiga\u00e7\u00f5es, o caso aconteceu em dezembro de 2025. Na ocasi\u00e3o, a v\u00edtima procurou a delegacia apresentando diversas les\u00f5es pelo corpo e relatou ter sido abordada pelo suspeito.<\/p>\n<p><a href=\"https:\/\/conecta.luiseduardomagalhaes.ba.gov.br\/site\/login\"><img loading=\"lazy\" decoding=\"async\" class=\"wp-image-2478 aligncenter\" src=\"http:\/\/connectaoeste.com.br\/wp-content\/uploads\/2025\/08\/cropped-cropped-cropped-BAIXE-O-CONECTA-LEM-BLOG-1140X200px-300x53.jpg\" alt=\"\" width=\"578\" height=\"102\" srcset=\"https:\/\/connectaoeste.com.br\/wp-content\/uploads\/2025\/08\/cropped-cropped-cropped-BAIXE-O-CONECTA-LEM-BLOG-1140X200px-300x53.jpg 300w, https:\/\/connectaoeste.com.br\/wp-content\/uploads\/2025\/08\/cropped-cropped-cropped-BAIXE-O-CONECTA-LEM-BLOG-1140X200px-1024x180.jpg 1024w, https:\/\/connectaoeste.com.br\/wp-content\/uploads\/2025\/08\/cropped-cropped-cropped-BAIXE-O-CONECTA-LEM-BLOG-1140X200px-768x135.jpg 768w, https:\/\/connectaoeste.com.br\/wp-content\/uploads\/2025\/08\/cropped-cropped-cropped-BAIXE-O-CONECTA-LEM-BLOG-1140X200px-200x35.jpg 200w, https:\/\/connectaoeste.com.br\/wp-content\/uploads\/2025\/08\/cropped-cropped-cropped-BAIXE-O-CONECTA-LEM-BLOG-1140X200px.jpg 1140w\" sizes=\"auto, (max-width: 578px) 100vw, 578px\" \/><\/a><\/p>\n<p>Segundo o depoimento, o homem teria amea\u00e7ado a mulher com uma faca, a agredido fisicamente e a obrigado a subir em uma motocicleta. Em seguida, ela foi levada at\u00e9 a localidade de Brejo do Esp\u00edrito Santo, onde foi mantida amarrada em situa\u00e7\u00e3o de c\u00e1rcere privado.<\/p>\n<p>Ainda conforme a pol\u00edcia, durante o per\u00edodo em que permaneceu no local, a v\u00edtima sofreu novas agress\u00f5es e foi violentada sexualmente. O suspeito tamb\u00e9m teria utilizado uma espingarda para intimid\u00e1-la.<\/p>\n<p>Mesmo diante da viol\u00eancia, a mulher conseguiu escapar do local e procurar ajuda na delegacia. A den\u00fancia deu in\u00edcio \u00e0s investiga\u00e7\u00f5es que levaram \u00e0 identifica\u00e7\u00e3o do suspeito e \u00e0 solicita\u00e7\u00e3o do mandado de pris\u00e3o.<\/p>\n<p>Ap\u00f3s ser localizado e detido, o homem foi submetido aos exames legais e permanece \u00e0 disposi\u00e7\u00e3o da Justi\u00e7a.<\/p>\n<p><strong>Fonte:<\/strong> ASCOM \u2013 Pol\u00edcia Civil da Bahia.<\/p>\n<p style=\"text-align: center;\"><strong><img decoding=\"async\" class=\"emoji aligncenter\" role=\"img\" draggable=\"false\" src=\"https:\/\/s.w.org\/images\/core\/emoji\/16.0.1\/svg\/1f4e1.svg\" alt=\"\ud83d\udce1\" \/>\u00a0Connecta Oeste \u2014 conectando voc\u00ea \u00e0 informa\u00e7\u00e3o de qualidade!<\/strong><\/p>\n","protected":false},"excerpt":{"rendered":"<p>Um homem de 30 anos foi preso na manh\u00e3 desta quinta-feira (12) no munic\u00edpio de Santa Maria da Vit\u00f3ria, no oeste da Bahia, suspeito de cometer diversos crimes contra uma mulher. A pris\u00e3o preventiva foi cumprida por equipes da Pol\u00edcia Civil da Bahia. De acordo com as investiga\u00e7\u00f5es, o caso aconteceu em dezembro de 2025. [&hellip;]<\/p>\n","protected":false},"author":1,"featured_media":2809,"comment_status":"open","ping_status":"open","sticky":false,"template":"","format":"standard","meta":{"footnotes":""},"categories":[82,7,8,5,47],"tags":[],"class_list":["post-2808","post","type-post","status-publish","format-standard","has-post-thumbnail","hentry","category-aumento","category-bahia","category-brasil","category-noticias","category-samavi"],"_links":{"self":[{"href":"https:\/\/connectaoeste.com.br\/index.php\/wp-json\/wp\/v2\/posts\/2808","targetHints":{"allow":["GET"]}}],"collection":[{"href":"https:\/\/connectaoeste.com.br\/index.php\/wp-json\/wp\/v2\/posts"}],"about":[{"href":"https:\/\/connectaoeste.com.br\/index.php\/wp-json\/wp\/v2\/types\/post"}],"author":[{"embeddable":true,"href":"https:\/\/connectaoeste.com.br\/index.php\/wp-json\/wp\/v2\/users\/1"}],"replies":[{"embeddable":true,"href":"https:\/\/connectaoeste.com.br\/index.php\/wp-json\/wp\/v2\/comments?post=2808"}],"version-history":[{"count":2,"href":"https:\/\/connectaoeste.com.br\/index.php\/wp-json\/wp\/v2\/posts\/2808\/revisions"}],"predecessor-version":[{"id":2811,"href":"https:\/\/connectaoeste.com.br\/index.php\/wp-json\/wp\/v2\/posts\/2808\/revisions\/2811"}],"wp:featuredmedia":[{"embeddable":true,"href":"https:\/\/connectaoeste.com.br\/index.php\/wp-json\/wp\/v2\/media\/2809"}],"wp:attachment":[{"href":"https:\/\/connectaoeste.com.br\/index.php\/wp-json\/wp\/v2\/media?parent=2808"}],"wp:term":[{"taxonomy":"category","embeddable":true,"href":"https:\/\/connectaoeste.com.br\/index.php\/wp-json\/wp\/v2\/categories?post=2808"},{"taxonomy":"post_tag","embeddable":true,"href":"https:\/\/connectaoeste.com.br\/index.php\/wp-json\/wp\/v2\/tags?post=2808"}],"curies":[{"name":"wp","href":"https:\/\/api.w.org\/{rel}","templated":true}]}}