{"id":2812,"date":"2026-03-14T14:00:40","date_gmt":"2026-03-14T17:00:40","guid":{"rendered":"https:\/\/connectaoeste.com.br\/?p=2812"},"modified":"2026-03-14T14:00:40","modified_gmt":"2026-03-14T17:00:40","slug":"nadson-ferinha-no-aniversario-de-88-de-correntina","status":"publish","type":"post","link":"https:\/\/connectaoeste.com.br\/index.php\/2026\/03\/14\/nadson-ferinha-no-aniversario-de-88-de-correntina\/","title":{"rendered":"Nadson Ferinha no anivers\u00e1rio de 88 de Correntina."},"content":{"rendered":"<p>Segundo informa\u00e7\u00f5es obtidas pelo Blog Connecta Oeste, o cantor Nadson O Ferinha pode ser uma das atra\u00e7\u00f5es que ir\u00e1 se apresentar na festa de anivers\u00e1rio de 88 anos de emancipa\u00e7\u00e3o politica de Correntina, no oeste da Bahia.<\/p>\n<p><a href=\"https:\/\/conecta.luiseduardomagalhaes.ba.gov.br\/site\/login\"><img loading=\"lazy\" decoding=\"async\" class=\"wp-image-2478 aligncenter\" src=\"http:\/\/connectaoeste.com.br\/wp-content\/uploads\/2025\/08\/cropped-cropped-cropped-BAIXE-O-CONECTA-LEM-BLOG-1140X200px-300x53.jpg\" alt=\"\" width=\"578\" height=\"102\" srcset=\"https:\/\/connectaoeste.com.br\/wp-content\/uploads\/2025\/08\/cropped-cropped-cropped-BAIXE-O-CONECTA-LEM-BLOG-1140X200px-300x53.jpg 300w, https:\/\/connectaoeste.com.br\/wp-content\/uploads\/2025\/08\/cropped-cropped-cropped-BAIXE-O-CONECTA-LEM-BLOG-1140X200px-1024x180.jpg 1024w, https:\/\/connectaoeste.com.br\/wp-content\/uploads\/2025\/08\/cropped-cropped-cropped-BAIXE-O-CONECTA-LEM-BLOG-1140X200px-768x135.jpg 768w, https:\/\/connectaoeste.com.br\/wp-content\/uploads\/2025\/08\/cropped-cropped-cropped-BAIXE-O-CONECTA-LEM-BLOG-1140X200px-200x35.jpg 200w, https:\/\/connectaoeste.com.br\/wp-content\/uploads\/2025\/08\/cropped-cropped-cropped-BAIXE-O-CONECTA-LEM-BLOG-1140X200px.jpg 1140w\" sizes=\"auto, (max-width: 578px) 100vw, 578px\" \/><\/a><\/p>\n<p>Conhecido nacionalmente pelo seu estilo marcante no arrocha e por sucessos que conquistaram milh\u00f5es de f\u00e3s em todo o Brasil, o artista surge como um dos nomes cotados para animar a celebra\u00e7\u00e3o do munic\u00edpio. Caso a participa\u00e7\u00e3o seja confirmada oficialmente, a expectativa \u00e9 de que o show re\u00fana um grande p\u00fablico durante a programa\u00e7\u00e3o festiva.<\/p>\n<p>Correntina \u00e9 conhecida pelas \u00e1guas cristalinas que cortam o munic\u00edpio e tamb\u00e9m pelo Carnaval que diga se de passagem um dos maiores do interior da Bahia . Com a nova gest\u00e3o do prefeito Walter Mariano, os investimentos est\u00e3o intensos na parte do turismo principalmente, n\u00e3o s\u00f3 no carnaval mas tamb\u00e9m em demais festividades como o anivers\u00e1rio da Cidade.<\/p>\n<p>Mais informa\u00e7\u00f5es sobre as festividades do anivers\u00e1rio de 88 anos da Cidade de Correntina, <strong>voc\u00ea acompanha aqui pelo Connecta Oeste.<\/strong><\/p>\n","protected":false},"excerpt":{"rendered":"<p>Segundo informa\u00e7\u00f5es obtidas pelo Blog Connecta Oeste, o cantor Nadson O Ferinha pode ser uma das atra\u00e7\u00f5es que ir\u00e1 se apresentar na festa de anivers\u00e1rio de 88 anos de emancipa\u00e7\u00e3o politica de Correntina, no oeste da Bahia. Conhecido nacionalmente pelo seu estilo marcante no arrocha e por sucessos que conquistaram milh\u00f5es de f\u00e3s em todo [&hellip;]<\/p>\n","protected":false},"author":1,"featured_media":2813,"comment_status":"open","ping_status":"open","sticky":false,"template":"","format":"standard","meta":{"footnotes":""},"categories":[7,45,62,63],"tags":[],"class_list":["post-2812","post","type-post","status-publish","format-standard","has-post-thumbnail","hentry","category-bahia","category-correntina","category-evento","category-festa"],"_links":{"self":[{"href":"https:\/\/connectaoeste.com.br\/index.php\/wp-json\/wp\/v2\/posts\/2812","targetHints":{"allow":["GET"]}}],"collection":[{"href":"https:\/\/connectaoeste.com.br\/index.php\/wp-json\/wp\/v2\/posts"}],"about":[{"href":"https:\/\/connectaoeste.com.br\/index.php\/wp-json\/wp\/v2\/types\/post"}],"author":[{"embeddable":true,"href":"https:\/\/connectaoeste.com.br\/index.php\/wp-json\/wp\/v2\/users\/1"}],"replies":[{"embeddable":true,"href":"https:\/\/connectaoeste.com.br\/index.php\/wp-json\/wp\/v2\/comments?post=2812"}],"version-history":[{"count":1,"href":"https:\/\/connectaoeste.com.br\/index.php\/wp-json\/wp\/v2\/posts\/2812\/revisions"}],"predecessor-version":[{"id":2814,"href":"https:\/\/connectaoeste.com.br\/index.php\/wp-json\/wp\/v2\/posts\/2812\/revisions\/2814"}],"wp:featuredmedia":[{"embeddable":true,"href":"https:\/\/connectaoeste.com.br\/index.php\/wp-json\/wp\/v2\/media\/2813"}],"wp:attachment":[{"href":"https:\/\/connectaoeste.com.br\/index.php\/wp-json\/wp\/v2\/media?parent=2812"}],"wp:term":[{"taxonomy":"category","embeddable":true,"href":"https:\/\/connectaoeste.com.br\/index.php\/wp-json\/wp\/v2\/categories?post=2812"},{"taxonomy":"post_tag","embeddable":true,"href":"https:\/\/connectaoeste.com.br\/index.php\/wp-json\/wp\/v2\/tags?post=2812"}],"curies":[{"name":"wp","href":"https:\/\/api.w.org\/{rel}","templated":true}]}}