{"id":2815,"date":"2026-03-16T17:02:49","date_gmt":"2026-03-16T20:02:49","guid":{"rendered":"https:\/\/connectaoeste.com.br\/?p=2815"},"modified":"2026-03-16T17:02:49","modified_gmt":"2026-03-16T20:02:49","slug":"engavetamento-na-br-324-em-amelia-rodrigues-deixa-um-morto-e-seis-feridos","status":"publish","type":"post","link":"https:\/\/connectaoeste.com.br\/index.php\/2026\/03\/16\/engavetamento-na-br-324-em-amelia-rodrigues-deixa-um-morto-e-seis-feridos\/","title":{"rendered":"Engavetamento na BR-324 em Am\u00e9lia Rodrigues deixa um morto e seis feridos."},"content":{"rendered":"<p>Um engavetamento envolvendo nove ve\u00edculos deixou uma pessoa morta e seis feridas na BR-324, em Am\u00e9lia Rodrigues, na tarde desta segunda-feira (16). O acidente aconteceu por volta das 12h, no km 551 da rodovia, no sentido Salvador, e provocou a interdi\u00e7\u00e3o parcial da pista.<\/p>\n<p><a href=\"https:\/\/www.youtube.com\/watch?v=GkrL7PMU7B4&amp;t=1s\"><img loading=\"lazy\" decoding=\"async\" class=\" wp-image-2634 aligncenter\" src=\"http:\/\/connectaoeste.com.br\/wp-content\/uploads\/2026\/02\/gdgsdgsd-300x62.png\" alt=\"\" width=\"465\" height=\"96\" srcset=\"https:\/\/connectaoeste.com.br\/wp-content\/uploads\/2026\/02\/gdgsdgsd-300x62.png 300w, https:\/\/connectaoeste.com.br\/wp-content\/uploads\/2026\/02\/gdgsdgsd-1024x213.png 1024w, https:\/\/connectaoeste.com.br\/wp-content\/uploads\/2026\/02\/gdgsdgsd-768x160.png 768w, https:\/\/connectaoeste.com.br\/wp-content\/uploads\/2026\/02\/gdgsdgsd-1536x320.png 1536w, https:\/\/connectaoeste.com.br\/wp-content\/uploads\/2026\/02\/gdgsdgsd-2048x427.png 2048w, https:\/\/connectaoeste.com.br\/wp-content\/uploads\/2026\/02\/gdgsdgsd-200x42.png 200w\" sizes=\"auto, (max-width: 465px) 100vw, 465px\" \/><\/a><br \/>\nDe acordo com informa\u00e7\u00f5es da Pol\u00edcia Rodovi\u00e1ria Federal (PRF), a colis\u00e3o em sequ\u00eancia envolveu uma carreta e diversos autom\u00f3veis. Uma das v\u00edtimas morreu no local e outras seis ficaram feridas, algumas presas \u00e0s ferragens. Equipes do Servi\u00e7o de Atendimento M\u00f3vel de Urg\u00eancia (Samu) realizaram os primeiros socorros e encaminharam os feridos para unidades de sa\u00fade da regi\u00e3o. O Departamento de Pol\u00edcia T\u00e9cnica (DPT) foi acionado para a remo\u00e7\u00e3o do corpo.<\/p>\n<p><img loading=\"lazy\" decoding=\"async\" class=\" wp-image-2816 aligncenter\" src=\"http:\/\/connectaoeste.com.br\/wp-content\/uploads\/2026\/03\/texto-do-seu-paragrafo-2026-03-16t144820.921-300x180.avif\" alt=\"\" width=\"517\" height=\"310\" srcset=\"https:\/\/connectaoeste.com.br\/wp-content\/uploads\/2026\/03\/texto-do-seu-paragrafo-2026-03-16t144820.921-300x180.avif 300w, https:\/\/connectaoeste.com.br\/wp-content\/uploads\/2026\/03\/texto-do-seu-paragrafo-2026-03-16t144820.921-768x461.avif 768w, https:\/\/connectaoeste.com.br\/wp-content\/uploads\/2026\/03\/texto-do-seu-paragrafo-2026-03-16t144820.921-200x120.avif 200w, https:\/\/connectaoeste.com.br\/wp-content\/uploads\/2026\/03\/texto-do-seu-paragrafo-2026-03-16t144820.921.avif 1000w\" sizes=\"auto, (max-width: 517px) 100vw, 517px\" \/> <img loading=\"lazy\" decoding=\"async\" class=\"aligncenter wp-image-2817 \" src=\"http:\/\/connectaoeste.com.br\/wp-content\/uploads\/2026\/03\/HGFHDFH-300x180.avif\" alt=\"\" width=\"448\" height=\"269\" srcset=\"https:\/\/connectaoeste.com.br\/wp-content\/uploads\/2026\/03\/HGFHDFH-300x180.avif 300w, https:\/\/connectaoeste.com.br\/wp-content\/uploads\/2026\/03\/HGFHDFH-768x461.avif 768w, https:\/\/connectaoeste.com.br\/wp-content\/uploads\/2026\/03\/HGFHDFH-200x120.avif 200w, https:\/\/connectaoeste.com.br\/wp-content\/uploads\/2026\/03\/HGFHDFH.avif 1000w\" sizes=\"auto, (max-width: 448px) 100vw, 448px\" \/><br \/>\nO acidente causou grande congestionamento na rodovia, com o tr\u00e1fego fluindo lentamente pelo acostamento e pela faixa liberada. A PRF refor\u00e7ou a necessidade de aten\u00e7\u00e3o redobrada dos motoristas que circulam pela BR-324, especialmente em hor\u00e1rios de pico, e destacou que a falta de dist\u00e2ncia segura entre os ve\u00edculos \u00e9 uma das principais causas de engavetamentos nesse trecho.<br \/>\nA BR-324 \u00e9 uma das rodovias mais movimentadas da Bahia, ligando Salvador a Feira de Santana, e frequentemente registra acidentes graves devido ao intenso fluxo de ve\u00edculos.<\/p>\n<p style=\"text-align: center;\"><strong><img decoding=\"async\" class=\"emoji aligncenter\" role=\"img\" draggable=\"false\" src=\"https:\/\/s.w.org\/images\/core\/emoji\/16.0.1\/svg\/1f4e1.svg\" alt=\"\ud83d\udce1\" \/>\u00a0Connecta Oeste \u2014 conectando voc\u00ea \u00e0 informa\u00e7\u00e3o de qualidade!<\/strong><\/p>\n","protected":false},"excerpt":{"rendered":"<p>Um engavetamento envolvendo nove ve\u00edculos deixou uma pessoa morta e seis feridas na BR-324, em Am\u00e9lia Rodrigues, na tarde desta segunda-feira (16). O acidente aconteceu por volta das 12h, no km 551 da rodovia, no sentido Salvador, e provocou a interdi\u00e7\u00e3o parcial da pista. De acordo com informa\u00e7\u00f5es da Pol\u00edcia Rodovi\u00e1ria Federal (PRF), a colis\u00e3o [&hellip;]<\/p>\n","protected":false},"author":1,"featured_media":2822,"comment_status":"open","ping_status":"open","sticky":false,"template":"","format":"standard","meta":{"footnotes":""},"categories":[82,7,8,5,44],"tags":[],"class_list":["post-2815","post","type-post","status-publish","format-standard","has-post-thumbnail","hentry","category-aumento","category-bahia","category-brasil","category-noticias","category-salvador"],"_links":{"self":[{"href":"https:\/\/connectaoeste.com.br\/index.php\/wp-json\/wp\/v2\/posts\/2815","targetHints":{"allow":["GET"]}}],"collection":[{"href":"https:\/\/connectaoeste.com.br\/index.php\/wp-json\/wp\/v2\/posts"}],"about":[{"href":"https:\/\/connectaoeste.com.br\/index.php\/wp-json\/wp\/v2\/types\/post"}],"author":[{"embeddable":true,"href":"https:\/\/connectaoeste.com.br\/index.php\/wp-json\/wp\/v2\/users\/1"}],"replies":[{"embeddable":true,"href":"https:\/\/connectaoeste.com.br\/index.php\/wp-json\/wp\/v2\/comments?post=2815"}],"version-history":[{"count":5,"href":"https:\/\/connectaoeste.com.br\/index.php\/wp-json\/wp\/v2\/posts\/2815\/revisions"}],"predecessor-version":[{"id":2824,"href":"https:\/\/connectaoeste.com.br\/index.php\/wp-json\/wp\/v2\/posts\/2815\/revisions\/2824"}],"wp:featuredmedia":[{"embeddable":true,"href":"https:\/\/connectaoeste.com.br\/index.php\/wp-json\/wp\/v2\/media\/2822"}],"wp:attachment":[{"href":"https:\/\/connectaoeste.com.br\/index.php\/wp-json\/wp\/v2\/media?parent=2815"}],"wp:term":[{"taxonomy":"category","embeddable":true,"href":"https:\/\/connectaoeste.com.br\/index.php\/wp-json\/wp\/v2\/categories?post=2815"},{"taxonomy":"post_tag","embeddable":true,"href":"https:\/\/connectaoeste.com.br\/index.php\/wp-json\/wp\/v2\/tags?post=2815"}],"curies":[{"name":"wp","href":"https:\/\/api.w.org\/{rel}","templated":true}]}}