{"id":2982,"date":"2026-04-28T10:58:25","date_gmt":"2026-04-28T13:58:25","guid":{"rendered":"https:\/\/connectaoeste.com.br\/?p=2982"},"modified":"2026-04-28T10:58:25","modified_gmt":"2026-04-28T13:58:25","slug":"pf-investiga-corrupcao-na-alfandega-do-porto-do-rio-em-mega-operacao","status":"publish","type":"post","link":"https:\/\/connectaoeste.com.br\/index.php\/2026\/04\/28\/pf-investiga-corrupcao-na-alfandega-do-porto-do-rio-em-mega-operacao\/","title":{"rendered":"PF investiga corrup\u00e7\u00e3o na alf\u00e2ndega do Porto do Rio em mega opera\u00e7\u00e3o."},"content":{"rendered":"<p>A Pol\u00edcia Federal deflagrou nesta ter\u00e7a-feira (28) a <strong>Opera\u00e7\u00e3o Mare Liberum<\/strong>, que mira um amplo esquema de corrup\u00e7\u00e3o na alf\u00e2ndega do Porto do Rio de Janeiro. A a\u00e7\u00e3o \u00e9 considerada uma das maiores j\u00e1 realizadas no pa\u00eds envolvendo o sistema aduaneiro e conta com apoio do Minist\u00e9rio P\u00fablico Federal e da Receita Federal.<\/p>\n<p>Segundo as investiga\u00e7\u00f5es, o esquema era operado por uma organiza\u00e7\u00e3o criminosa formada por <strong>servidores p\u00fablicos, despachantes aduaneiros e empres\u00e1rios<\/strong>, que atuavam de forma articulada para liberar mercadorias de maneira irregular.<\/p>\n<p>O grupo facilitava o desembara\u00e7o de cargas mediante pagamento de propina, permitindo a entrada de produtos com inconsist\u00eancias fiscais, redu\u00e7\u00e3o indevida de tributos e at\u00e9 revers\u00e3o irregular de penalidades.<\/p>\n<p><img loading=\"lazy\" decoding=\"async\" class=\"wp-image-2843 aligncenter\" src=\"http:\/\/connectaoeste.com.br\/wp-content\/uploads\/2026\/03\/HDFHDFHDH-300x58.png\" alt=\"\" width=\"424\" height=\"82\" srcset=\"https:\/\/connectaoeste.com.br\/wp-content\/uploads\/2026\/03\/HDFHDFHDH-300x58.png 300w, https:\/\/connectaoeste.com.br\/wp-content\/uploads\/2026\/03\/HDFHDFHDH-1024x198.png 1024w, https:\/\/connectaoeste.com.br\/wp-content\/uploads\/2026\/03\/HDFHDFHDH-768x149.png 768w, https:\/\/connectaoeste.com.br\/wp-content\/uploads\/2026\/03\/HDFHDFHDH-1536x298.png 1536w, https:\/\/connectaoeste.com.br\/wp-content\/uploads\/2026\/03\/HDFHDFHDH-2048x397.png 2048w, https:\/\/connectaoeste.com.br\/wp-content\/uploads\/2026\/03\/HDFHDFHDH-200x39.png 200w\" sizes=\"auto, (max-width: 424px) 100vw, 424px\" \/><\/p>\n<p>As autoridades identificaram <strong>quase 17 mil opera\u00e7\u00f5es suspeitas de importa\u00e7\u00e3o<\/strong>, envolvendo cerca de <strong>R$ 86,6 bilh\u00f5es em mercadorias<\/strong> entre 2021 e 2026.<\/p>\n<p>Al\u00e9m disso, o esquema pode ter causado preju\u00edzo direto de aproximadamente <strong>R$ 500 milh\u00f5es aos cofres p\u00fablicos<\/strong>, al\u00e9m do pagamento de propinas estimadas em dezenas de milh\u00f5es de reais.<\/p>\n<p>A opera\u00e7\u00e3o cumpriu <strong>45 mandados de busca e apreens\u00e3o<\/strong> no Rio de Janeiro e no Esp\u00edrito Santo. Entre os alvos est\u00e3o dezenas de funcion\u00e1rios da Receita Federal, incluindo auditores fiscais e analistas tribut\u00e1rios.<\/p>\n<p>Medidas judiciais tamb\u00e9m determinaram:<\/p>\n<ul>\n<li>afastamento de servidores de suas fun\u00e7\u00f5es;<\/li>\n<li>bloqueio de bens;<\/li>\n<li>restri\u00e7\u00f5es ao exerc\u00edcio profissional de envolvidos.<\/li>\n<\/ul>\n<p>As apura\u00e7\u00f5es tiveram in\u00edcio em 2022, a partir de mecanismos internos de controle e den\u00fancias. A investiga\u00e7\u00e3o apontou uma estrutura criminosa sofisticada, com atua\u00e7\u00e3o cont\u00ednua dentro da fiscaliza\u00e7\u00e3o aduaneira.<\/p>\n<p>Casos como esse evidenciam o impacto da corrup\u00e7\u00e3o no setor p\u00fablico. Esse tipo de pr\u00e1tica desvia recursos que deveriam ser destinados a \u00e1reas essenciais e compromete o funcionamento das institui\u00e7\u00f5es e da economia.<\/p>\n<p style=\"text-align: center;\"><strong><img decoding=\"async\" class=\"emoji aligncenter\" role=\"img\" draggable=\"false\" src=\"https:\/\/s.w.org\/images\/core\/emoji\/16.0.1\/svg\/1f4e1.svg\" alt=\"\ud83d\udce1\" \/>\u00a0Connecta Oeste \u2014 conectando voc\u00ea \u00e0 informa\u00e7\u00e3o de qualidade!<\/strong><\/p>\n","protected":false},"excerpt":{"rendered":"<p>A Pol\u00edcia Federal deflagrou nesta ter\u00e7a-feira (28) a Opera\u00e7\u00e3o Mare Liberum, que mira um amplo esquema de corrup\u00e7\u00e3o na alf\u00e2ndega do Porto do Rio de Janeiro. A a\u00e7\u00e3o \u00e9 considerada uma das maiores j\u00e1 realizadas no pa\u00eds envolvendo o sistema aduaneiro e conta com apoio do Minist\u00e9rio P\u00fablico Federal e da Receita Federal. Segundo as [&hellip;]<\/p>\n","protected":false},"author":1,"featured_media":2983,"comment_status":"open","ping_status":"open","sticky":false,"template":"","format":"standard","meta":{"footnotes":""},"categories":[82,88],"tags":[],"class_list":["post-2982","post","type-post","status-publish","format-standard","has-post-thumbnail","hentry","category-aumento","category-crime"],"_links":{"self":[{"href":"https:\/\/connectaoeste.com.br\/index.php\/wp-json\/wp\/v2\/posts\/2982","targetHints":{"allow":["GET"]}}],"collection":[{"href":"https:\/\/connectaoeste.com.br\/index.php\/wp-json\/wp\/v2\/posts"}],"about":[{"href":"https:\/\/connectaoeste.com.br\/index.php\/wp-json\/wp\/v2\/types\/post"}],"author":[{"embeddable":true,"href":"https:\/\/connectaoeste.com.br\/index.php\/wp-json\/wp\/v2\/users\/1"}],"replies":[{"embeddable":true,"href":"https:\/\/connectaoeste.com.br\/index.php\/wp-json\/wp\/v2\/comments?post=2982"}],"version-history":[{"count":2,"href":"https:\/\/connectaoeste.com.br\/index.php\/wp-json\/wp\/v2\/posts\/2982\/revisions"}],"predecessor-version":[{"id":2985,"href":"https:\/\/connectaoeste.com.br\/index.php\/wp-json\/wp\/v2\/posts\/2982\/revisions\/2985"}],"wp:featuredmedia":[{"embeddable":true,"href":"https:\/\/connectaoeste.com.br\/index.php\/wp-json\/wp\/v2\/media\/2983"}],"wp:attachment":[{"href":"https:\/\/connectaoeste.com.br\/index.php\/wp-json\/wp\/v2\/media?parent=2982"}],"wp:term":[{"taxonomy":"category","embeddable":true,"href":"https:\/\/connectaoeste.com.br\/index.php\/wp-json\/wp\/v2\/categories?post=2982"},{"taxonomy":"post_tag","embeddable":true,"href":"https:\/\/connectaoeste.com.br\/index.php\/wp-json\/wp\/v2\/tags?post=2982"}],"curies":[{"name":"wp","href":"https:\/\/api.w.org\/{rel}","templated":true}]}}