{"id":2986,"date":"2026-04-29T07:44:13","date_gmt":"2026-04-29T10:44:13","guid":{"rendered":"https:\/\/connectaoeste.com.br\/?p=2986"},"modified":"2026-04-29T07:47:21","modified_gmt":"2026-04-29T10:47:21","slug":"confusao-marca-fim-de-jogo-entre-cruzeiro-e-boca-juniors-no-mineirao-assista","status":"publish","type":"post","link":"https:\/\/connectaoeste.com.br\/index.php\/2026\/04\/29\/confusao-marca-fim-de-jogo-entre-cruzeiro-e-boca-juniors-no-mineirao-assista\/","title":{"rendered":"Confus\u00e3o marca fim de jogo entre Cruzeiro e Boca Juniors no Mineir\u00e3o, Assista."},"content":{"rendered":"<p>Uma partida intensa entre <strong>Cruzeiro e Boca Juniors<\/strong>, v\u00e1lida pela fase de grupos da Libertadores 2026, terminou em clima de tens\u00e3o e confus\u00e3o generalizada no gramado do Mineir\u00e3o, em Belo Horizonte. O Cruzeiro venceu por <strong>1 a 0<\/strong>, com gol marcado nos minutos finais, garantindo um resultado importante diante da torcida. No entanto, o que deveria ser apenas comemora\u00e7\u00e3o acabou sendo ofuscado por um tumulto logo ap\u00f3s o apito final.<\/p>\n<div style=\"width: 640px;\" class=\"wp-video\"><!--[if lt IE 9]><script>document.createElement('video');<\/script><![endif]-->\n<video class=\"wp-video-shortcode\" id=\"video-2986-1\" width=\"640\" height=\"356\" preload=\"metadata\" controls=\"controls\"><source type=\"video\/mp4\" src=\"http:\/\/connectaoeste.com.br\/wp-content\/uploads\/2026\/04\/Confusao-marca-fim-de-jogo-entre-Cruzeiro-e-Boca-Juniors-no-Mine.mp4?_=1\" \/><a href=\"http:\/\/connectaoeste.com.br\/wp-content\/uploads\/2026\/04\/Confusao-marca-fim-de-jogo-entre-Cruzeiro-e-Boca-Juniors-no-Mine.mp4\">http:\/\/connectaoeste.com.br\/wp-content\/uploads\/2026\/04\/Confusao-marca-fim-de-jogo-entre-Cruzeiro-e-Boca-Juniors-no-Mine.mp4<\/a><\/video><\/div>\n<p>Segundo informa\u00e7\u00f5es, a confus\u00e3o come\u00e7ou quando o jogador argentino Leandro Paredes foi tirar satisfa\u00e7\u00e3o com o meia Matheus Pereira, o que rapidamente gerou um empurra-empurra envolvendo atletas dos dois times, al\u00e9m de membros das comiss\u00f5es t\u00e9cnicas.<\/p>\n<p>Jogadores do banco do Boca Juniors tamb\u00e9m invadiram o campo, aumentando ainda mais a tens\u00e3o. Apesar do clima quente, n\u00e3o houve agress\u00f5es f\u00edsicas graves, e a situa\u00e7\u00e3o foi controlada ap\u00f3s alguns minutos.<\/p>\n<p><img loading=\"lazy\" decoding=\"async\" class=\"wp-image-2843 aligncenter\" src=\"http:\/\/connectaoeste.com.br\/wp-content\/uploads\/2026\/03\/HDFHDFHDH-300x58.png\" alt=\"\" width=\"434\" height=\"84\" srcset=\"https:\/\/connectaoeste.com.br\/wp-content\/uploads\/2026\/03\/HDFHDFHDH-300x58.png 300w, https:\/\/connectaoeste.com.br\/wp-content\/uploads\/2026\/03\/HDFHDFHDH-1024x198.png 1024w, https:\/\/connectaoeste.com.br\/wp-content\/uploads\/2026\/03\/HDFHDFHDH-768x149.png 768w, https:\/\/connectaoeste.com.br\/wp-content\/uploads\/2026\/03\/HDFHDFHDH-1536x298.png 1536w, https:\/\/connectaoeste.com.br\/wp-content\/uploads\/2026\/03\/HDFHDFHDH-2048x397.png 2048w, https:\/\/connectaoeste.com.br\/wp-content\/uploads\/2026\/03\/HDFHDFHDH-200x39.png 200w\" sizes=\"auto, (max-width: 434px) 100vw, 434px\" \/><\/p>\n<p>Antes da confus\u00e3o, a partida j\u00e1 era marcada por forte disputa, muitas faltas e diversas puni\u00e7\u00f5es disciplinares. Ao todo, foram registrados v\u00e1rios cart\u00f5es amarelos e uma expuls\u00e3o ainda no primeiro tempo, evidenciando o clima t\u00edpico de confronto entre brasileiros e argentinos.<\/p>\n<p>Mesmo com a press\u00e3o e o jogo truncado, o Cruzeiro conseguiu manter a calma e foi recompensado com o gol da vit\u00f3ria no fim da partida.<\/p>\n<p>Com o resultado, o Cruzeiro segue forte na briga pela classifica\u00e7\u00e3o na fase de grupos da Libertadores, enquanto o Boca Juniors v\u00ea sua sequ\u00eancia positiva ser interrompida.<\/p>\n<p style=\"text-align: center;\"><strong><img decoding=\"async\" class=\"emoji aligncenter\" role=\"img\" draggable=\"false\" src=\"https:\/\/s.w.org\/images\/core\/emoji\/16.0.1\/svg\/1f4e1.svg\" alt=\"\ud83d\udce1\" \/>\u00a0Connecta Oeste \u2014 conectando voc\u00ea \u00e0 informa\u00e7\u00e3o de qualidade!<\/strong><\/p>\n<p>&nbsp;<\/p>\n","protected":false},"excerpt":{"rendered":"<p>Uma partida intensa entre Cruzeiro e Boca Juniors, v\u00e1lida pela fase de grupos da Libertadores 2026, terminou em clima de tens\u00e3o e confus\u00e3o generalizada no gramado do Mineir\u00e3o, em Belo Horizonte. O Cruzeiro venceu por 1 a 0, com gol marcado nos minutos finais, garantindo um resultado importante diante da torcida. No entanto, o que [&hellip;]<\/p>\n","protected":false},"author":1,"featured_media":2988,"comment_status":"open","ping_status":"open","sticky":false,"template":"","format":"standard","meta":{"footnotes":""},"categories":[6],"tags":[],"class_list":["post-2986","post","type-post","status-publish","format-standard","has-post-thumbnail","hentry","category-esportes"],"_links":{"self":[{"href":"https:\/\/connectaoeste.com.br\/index.php\/wp-json\/wp\/v2\/posts\/2986","targetHints":{"allow":["GET"]}}],"collection":[{"href":"https:\/\/connectaoeste.com.br\/index.php\/wp-json\/wp\/v2\/posts"}],"about":[{"href":"https:\/\/connectaoeste.com.br\/index.php\/wp-json\/wp\/v2\/types\/post"}],"author":[{"embeddable":true,"href":"https:\/\/connectaoeste.com.br\/index.php\/wp-json\/wp\/v2\/users\/1"}],"replies":[{"embeddable":true,"href":"https:\/\/connectaoeste.com.br\/index.php\/wp-json\/wp\/v2\/comments?post=2986"}],"version-history":[{"count":2,"href":"https:\/\/connectaoeste.com.br\/index.php\/wp-json\/wp\/v2\/posts\/2986\/revisions"}],"predecessor-version":[{"id":2990,"href":"https:\/\/connectaoeste.com.br\/index.php\/wp-json\/wp\/v2\/posts\/2986\/revisions\/2990"}],"wp:featuredmedia":[{"embeddable":true,"href":"https:\/\/connectaoeste.com.br\/index.php\/wp-json\/wp\/v2\/media\/2988"}],"wp:attachment":[{"href":"https:\/\/connectaoeste.com.br\/index.php\/wp-json\/wp\/v2\/media?parent=2986"}],"wp:term":[{"taxonomy":"category","embeddable":true,"href":"https:\/\/connectaoeste.com.br\/index.php\/wp-json\/wp\/v2\/categories?post=2986"},{"taxonomy":"post_tag","embeddable":true,"href":"https:\/\/connectaoeste.com.br\/index.php\/wp-json\/wp\/v2\/tags?post=2986"}],"curies":[{"name":"wp","href":"https:\/\/api.w.org\/{rel}","templated":true}]}}