{"id":2992,"date":"2026-04-29T13:33:58","date_gmt":"2026-04-29T16:33:58","guid":{"rendered":"https:\/\/connectaoeste.com.br\/?p=2992"},"modified":"2026-04-29T13:39:08","modified_gmt":"2026-04-29T16:39:08","slug":"correntina-recebe-selo-de-municipio-seguro-apos-cumprir-todas-as-etapas-do-programa","status":"publish","type":"post","link":"https:\/\/connectaoeste.com.br\/index.php\/2026\/04\/29\/correntina-recebe-selo-de-municipio-seguro-apos-cumprir-todas-as-etapas-do-programa\/","title":{"rendered":"Correntina recebe selo de Munic\u00edpio Seguro ap\u00f3s cumprir todas as etapas do programa."},"content":{"rendered":"<p><em>Certifica\u00e7\u00e3o reconhece organiza\u00e7\u00e3o das a\u00e7\u00f5es e cumprimento de crit\u00e9rios na preven\u00e7\u00e3o \u00e0 viol\u00eancia.<\/em><\/p>\n<p>Correntina recebeu o selo de Munic\u00edpio Seguro em cerim\u00f4nia realizada nesta ter\u00e7a-feira (28), em Salvador, ap\u00f3s cumprir todas as etapas e atender aos crit\u00e9rios definidos pela iniciativa. O prefeito Mariano Correntina participou da cerim\u00f4nia de entrega do reconhecimento.<\/p>\n<p>A certifica\u00e7\u00e3o marca a conclus\u00e3o de um processo iniciado com a ades\u00e3o ao projeto, em 26 de maio de 2025, quando o munic\u00edpio formalizou sua participa\u00e7\u00e3o na iniciativa do Minist\u00e9rio P\u00fablico da Bahia (MP-BA), voltada \u00e0 preven\u00e7\u00e3o da viol\u00eancia. Desde ent\u00e3o, foram implantadas medidas como a cria\u00e7\u00e3o do Conselho Municipal de Seguran\u00e7a P\u00fablica, a elabora\u00e7\u00e3o do Plano Municipal de Seguran\u00e7a, atualmente em fase de consulta p\u00fablica, com realiza\u00e7\u00e3o de audi\u00eancia p\u00fablica para participa\u00e7\u00e3o da popula\u00e7\u00e3o, e a articula\u00e7\u00e3o entre diferentes \u00f3rg\u00e3os e setores, estruturando a atua\u00e7\u00e3o do munic\u00edpio na seguran\u00e7a.<\/p>\n<p><img loading=\"lazy\" decoding=\"async\" class=\"wp-image-2915 aligncenter\" src=\"http:\/\/connectaoeste.com.br\/wp-content\/uploads\/2026\/04\/gif-e5887e48-3d19-4f14-9455-6503a9fe4804-300x60.gif\" alt=\"\" width=\"430\" height=\"86\" srcset=\"https:\/\/connectaoeste.com.br\/wp-content\/uploads\/2026\/04\/gif-e5887e48-3d19-4f14-9455-6503a9fe4804-300x60.gif 300w, https:\/\/connectaoeste.com.br\/wp-content\/uploads\/2026\/04\/gif-e5887e48-3d19-4f14-9455-6503a9fe4804-768x154.gif 768w, https:\/\/connectaoeste.com.br\/wp-content\/uploads\/2026\/04\/gif-e5887e48-3d19-4f14-9455-6503a9fe4804-200x40.gif 200w\" sizes=\"auto, (max-width: 430px) 100vw, 430px\" \/><\/p>\n<p>O processo tamb\u00e9m incluiu investimentos na Guarda Civil Municipal. Ao longo da implementa\u00e7\u00e3o, foram aplicados cerca de R$ 500 mil em armamento e treinamento, com equipamentos credenciados pela Pol\u00edcia Federal, al\u00e9m da implanta\u00e7\u00e3o de sede pr\u00f3pria e centro de forma\u00e7\u00e3o. As a\u00e7\u00f5es ampliaram a presen\u00e7a da Guarda Civil Municipal nas ruas e fortaleceram a atua\u00e7\u00e3o integrada com as pol\u00edcias Militar e Civil. Para o prefeito Mariano Correntina, o reconhecimento reflete a organiza\u00e7\u00e3o das a\u00e7\u00f5es de seguran\u00e7a no munic\u00edpio. \u201cEsse reconhecimento mostra que Correntina estruturou suas a\u00e7\u00f5es de seguran\u00e7a com planejamento e integra\u00e7\u00e3o. Aderimos ao programa desde o in\u00edcio e organizamos o trabalho em parceria com as for\u00e7as policiais.<\/p>\n<p>Tamb\u00e9m investimos na Guarda Municipal, com sede pr\u00f3pria, centro de forma\u00e7\u00e3o e recursos aplicados em armamento e capacita\u00e7\u00e3o. Esse resultado amplia a atua\u00e7\u00e3o preventiva e fortalece a seguran\u00e7a da popula\u00e7\u00e3o.\u201d Com a certifica\u00e7\u00e3o, Correntina passa a integrar oficialmente o grupo de munic\u00edpios reconhecidos pelo programa, consolidando as a\u00e7\u00f5es de preven\u00e7\u00e3o \u00e0 viol\u00eancia e a atua\u00e7\u00e3o integrada na \u00e1rea de seguran\u00e7a p\u00fablica.<\/p>\n<p style=\"text-align: center;\"><strong><img decoding=\"async\" class=\"emoji aligncenter\" role=\"img\" draggable=\"false\" src=\"https:\/\/s.w.org\/images\/core\/emoji\/16.0.1\/svg\/1f4e1.svg\" alt=\"\ud83d\udce1\" \/>\u00a0Connecta Oeste \u2014 conectando voc\u00ea \u00e0 informa\u00e7\u00e3o de qualidade!<\/strong><\/p>\n","protected":false},"excerpt":{"rendered":"<p>Certifica\u00e7\u00e3o reconhece organiza\u00e7\u00e3o das a\u00e7\u00f5es e cumprimento de crit\u00e9rios na preven\u00e7\u00e3o \u00e0 viol\u00eancia. Correntina recebeu o selo de Munic\u00edpio Seguro em cerim\u00f4nia realizada nesta ter\u00e7a-feira (28), em Salvador, ap\u00f3s cumprir todas as etapas e atender aos crit\u00e9rios definidos pela iniciativa. O prefeito Mariano Correntina participou da cerim\u00f4nia de entrega do reconhecimento. A certifica\u00e7\u00e3o marca a [&hellip;]<\/p>\n","protected":false},"author":1,"featured_media":2993,"comment_status":"open","ping_status":"open","sticky":false,"template":"","format":"standard","meta":{"footnotes":""},"categories":[7,45,67],"tags":[],"class_list":["post-2992","post","type-post","status-publish","format-standard","has-post-thumbnail","hentry","category-bahia","category-correntina","category-guarda-municipal"],"_links":{"self":[{"href":"https:\/\/connectaoeste.com.br\/index.php\/wp-json\/wp\/v2\/posts\/2992","targetHints":{"allow":["GET"]}}],"collection":[{"href":"https:\/\/connectaoeste.com.br\/index.php\/wp-json\/wp\/v2\/posts"}],"about":[{"href":"https:\/\/connectaoeste.com.br\/index.php\/wp-json\/wp\/v2\/types\/post"}],"author":[{"embeddable":true,"href":"https:\/\/connectaoeste.com.br\/index.php\/wp-json\/wp\/v2\/users\/1"}],"replies":[{"embeddable":true,"href":"https:\/\/connectaoeste.com.br\/index.php\/wp-json\/wp\/v2\/comments?post=2992"}],"version-history":[{"count":1,"href":"https:\/\/connectaoeste.com.br\/index.php\/wp-json\/wp\/v2\/posts\/2992\/revisions"}],"predecessor-version":[{"id":2994,"href":"https:\/\/connectaoeste.com.br\/index.php\/wp-json\/wp\/v2\/posts\/2992\/revisions\/2994"}],"wp:featuredmedia":[{"embeddable":true,"href":"https:\/\/connectaoeste.com.br\/index.php\/wp-json\/wp\/v2\/media\/2993"}],"wp:attachment":[{"href":"https:\/\/connectaoeste.com.br\/index.php\/wp-json\/wp\/v2\/media?parent=2992"}],"wp:term":[{"taxonomy":"category","embeddable":true,"href":"https:\/\/connectaoeste.com.br\/index.php\/wp-json\/wp\/v2\/categories?post=2992"},{"taxonomy":"post_tag","embeddable":true,"href":"https:\/\/connectaoeste.com.br\/index.php\/wp-json\/wp\/v2\/tags?post=2992"}],"curies":[{"name":"wp","href":"https:\/\/api.w.org\/{rel}","templated":true}]}}