{"id":2995,"date":"2026-04-30T08:24:48","date_gmt":"2026-04-30T11:24:48","guid":{"rendered":"https:\/\/connectaoeste.com.br\/?p=2995"},"modified":"2026-04-30T08:24:48","modified_gmt":"2026-04-30T11:24:48","slug":"senado-rejeita-indicacao-de-jorge-messias-ao-stf-e-impoe-derrota-historica-ao-governo-lula","status":"publish","type":"post","link":"https:\/\/connectaoeste.com.br\/index.php\/2026\/04\/30\/senado-rejeita-indicacao-de-jorge-messias-ao-stf-e-impoe-derrota-historica-ao-governo-lula\/","title":{"rendered":"Senado rejeita indica\u00e7\u00e3o de Jorge Messias ao STF e imp\u00f5e derrota hist\u00f3rica ao governo Lula."},"content":{"rendered":"<p>O Senado Federal rejeitou, nesta quarta-feira (29), a indica\u00e7\u00e3o de Jorge Messias para o cargo de ministro do Supremo Tribunal Federal (STF). A decis\u00e3o representa uma derrota significativa para o governo do presidente Luiz In\u00e1cio Lula da Silva em pleno ano eleitoral.<\/p>\n<p>A vota\u00e7\u00e3o terminou com 42 votos contr\u00e1rios e 34 favor\u00e1veis, n\u00famero insuficiente para aprova\u00e7\u00e3o \u2014 eram necess\u00e1rios ao menos 41 votos entre os 81 senadores.<\/p>\n<p>A rejei\u00e7\u00e3o \u00e9 considerada hist\u00f3rica, j\u00e1 que h\u00e1 mais de um s\u00e9culo o Senado n\u00e3o barrava uma indica\u00e7\u00e3o presidencial para a Suprema Corte.<\/p>\n<p><img loading=\"lazy\" decoding=\"async\" class=\"wp-image-2915 aligncenter\" src=\"http:\/\/connectaoeste.com.br\/wp-content\/uploads\/2026\/04\/gif-e5887e48-3d19-4f14-9455-6503a9fe4804-300x60.gif\" alt=\"\" width=\"415\" height=\"83\" srcset=\"https:\/\/connectaoeste.com.br\/wp-content\/uploads\/2026\/04\/gif-e5887e48-3d19-4f14-9455-6503a9fe4804-300x60.gif 300w, https:\/\/connectaoeste.com.br\/wp-content\/uploads\/2026\/04\/gif-e5887e48-3d19-4f14-9455-6503a9fe4804-768x154.gif 768w, https:\/\/connectaoeste.com.br\/wp-content\/uploads\/2026\/04\/gif-e5887e48-3d19-4f14-9455-6503a9fe4804-200x40.gif 200w\" sizes=\"auto, (max-width: 415px) 100vw, 415px\" \/><\/p>\n<p>Antes da vota\u00e7\u00e3o em plen\u00e1rio, Messias havia sido aprovado pela Comiss\u00e3o de Constitui\u00e7\u00e3o e Justi\u00e7a (CCJ), etapa tradicional do processo de indica\u00e7\u00e3o. No entanto, o resultado positivo n\u00e3o se confirmou na vota\u00e7\u00e3o final, evidenciando resist\u00eancia pol\u00edtica dentro do Senado.<\/p>\n<p>A decis\u00e3o foi interpretada como um forte rev\u00e9s pol\u00edtico para o governo federal, refletindo dificuldades na articula\u00e7\u00e3o com o Congresso Nacional. O epis\u00f3dio tamb\u00e9m ocorre em um contexto de tens\u00f5es pol\u00edticas e proximidade das elei\u00e7\u00f5es, o que pode ter influenciado o posicionamento dos parlamentares.<\/p>\n<p>Com a rejei\u00e7\u00e3o, o presidente Lula precisar\u00e1 indicar um novo nome para ocupar a vaga no STF, aberta ap\u00f3s a sa\u00edda de um ministro da Corte. O novo indicado tamb\u00e9m passar\u00e1 por sabatina e vota\u00e7\u00e3o no Senado.<\/p>\n<p style=\"text-align: center;\"><strong><img decoding=\"async\" class=\"emoji aligncenter\" role=\"img\" draggable=\"false\" src=\"https:\/\/s.w.org\/images\/core\/emoji\/16.0.1\/svg\/1f4e1.svg\" alt=\"\ud83d\udce1\" \/>\u00a0Connecta Oeste \u2014 conectando voc\u00ea \u00e0 informa\u00e7\u00e3o de qualidade!<\/strong><\/p>\n","protected":false},"excerpt":{"rendered":"<p>O Senado Federal rejeitou, nesta quarta-feira (29), a indica\u00e7\u00e3o de Jorge Messias para o cargo de ministro do Supremo Tribunal Federal (STF). A decis\u00e3o representa uma derrota significativa para o governo do presidente Luiz In\u00e1cio Lula da Silva em pleno ano eleitoral. A vota\u00e7\u00e3o terminou com 42 votos contr\u00e1rios e 34 favor\u00e1veis, n\u00famero insuficiente para [&hellip;]<\/p>\n","protected":false},"author":1,"featured_media":2996,"comment_status":"open","ping_status":"open","sticky":false,"template":"","format":"standard","meta":{"footnotes":""},"categories":[8,76,1],"tags":[],"class_list":["post-2995","post","type-post","status-publish","format-standard","has-post-thumbnail","hentry","category-brasil","category-df","category-politica"],"_links":{"self":[{"href":"https:\/\/connectaoeste.com.br\/index.php\/wp-json\/wp\/v2\/posts\/2995","targetHints":{"allow":["GET"]}}],"collection":[{"href":"https:\/\/connectaoeste.com.br\/index.php\/wp-json\/wp\/v2\/posts"}],"about":[{"href":"https:\/\/connectaoeste.com.br\/index.php\/wp-json\/wp\/v2\/types\/post"}],"author":[{"embeddable":true,"href":"https:\/\/connectaoeste.com.br\/index.php\/wp-json\/wp\/v2\/users\/1"}],"replies":[{"embeddable":true,"href":"https:\/\/connectaoeste.com.br\/index.php\/wp-json\/wp\/v2\/comments?post=2995"}],"version-history":[{"count":1,"href":"https:\/\/connectaoeste.com.br\/index.php\/wp-json\/wp\/v2\/posts\/2995\/revisions"}],"predecessor-version":[{"id":2997,"href":"https:\/\/connectaoeste.com.br\/index.php\/wp-json\/wp\/v2\/posts\/2995\/revisions\/2997"}],"wp:featuredmedia":[{"embeddable":true,"href":"https:\/\/connectaoeste.com.br\/index.php\/wp-json\/wp\/v2\/media\/2996"}],"wp:attachment":[{"href":"https:\/\/connectaoeste.com.br\/index.php\/wp-json\/wp\/v2\/media?parent=2995"}],"wp:term":[{"taxonomy":"category","embeddable":true,"href":"https:\/\/connectaoeste.com.br\/index.php\/wp-json\/wp\/v2\/categories?post=2995"},{"taxonomy":"post_tag","embeddable":true,"href":"https:\/\/connectaoeste.com.br\/index.php\/wp-json\/wp\/v2\/tags?post=2995"}],"curies":[{"name":"wp","href":"https:\/\/api.w.org\/{rel}","templated":true}]}}