{"id":314,"date":"2024-01-19T10:11:37","date_gmt":"2024-01-19T13:11:37","guid":{"rendered":"https:\/\/connectaoeste.com.br\/?p=314"},"modified":"2024-01-19T13:12:34","modified_gmt":"2024-01-19T16:12:34","slug":"homem-e-preso-suspeito-de-invadir-casa-e-agredir-a-mae-no-oeste-da-bahia","status":"publish","type":"post","link":"https:\/\/connectaoeste.com.br\/index.php\/2024\/01\/19\/homem-e-preso-suspeito-de-invadir-casa-e-agredir-a-mae-no-oeste-da-bahia\/","title":{"rendered":"Homem \u00e9 preso suspeito de invadir casa e agredir a m\u00e3e no oeste da Bahia"},"content":{"rendered":"\n<p><strong><em>Foto: Rede social <\/em><\/strong><\/p>\n\n\n\n<p>Um homem foi preso em flagrante suspeito de agredir a pr\u00f3pria m\u00e3e nesta quinta-feira (18), em S\u00e3o F\u00e9lix do Coribe, no oeste da Bahia. A informa\u00e7\u00e3o \u00e9 da Pol\u00edcia Civil.<\/p>\n\n\n\n<p>O homem foi autuado em flagrante pelos crimes de amea\u00e7a e les\u00e3o corporal. Ele vai responder pelos no \u00e2mbito da viol\u00eancia dom\u00e9stica e familiar.<\/p>\n\n\n\n<p>Conforme apurado na unidade, o homem invadiu a casa da m\u00e3e durante a madrugada, quando cometeu a viol\u00eancia. De acordo com o delegado Alexandre Haas, respons\u00e1vel pelo caso, o suspeito ainda amea\u00e7ou destruir objetos da casa da mulher, caso ela o denunciasse \u00e0 pol\u00edcia.<\/p>\n\n\n\n<figure class=\"wp-block-image size-large\"><img loading=\"lazy\" decoding=\"async\" width=\"1024\" height=\"109\" src=\"http:\/\/connectaoeste.com.br\/wp-content\/uploads\/2023\/11\/cropped-cropped-SITE-ID-001-10-1024x109.png\" alt=\"\" class=\"wp-image-109\" srcset=\"https:\/\/connectaoeste.com.br\/wp-content\/uploads\/2023\/11\/cropped-cropped-SITE-ID-001-10-1024x109.png 1024w, https:\/\/connectaoeste.com.br\/wp-content\/uploads\/2023\/11\/cropped-cropped-SITE-ID-001-10-300x32.png 300w, https:\/\/connectaoeste.com.br\/wp-content\/uploads\/2023\/11\/cropped-cropped-SITE-ID-001-10-768x82.png 768w, https:\/\/connectaoeste.com.br\/wp-content\/uploads\/2023\/11\/cropped-cropped-SITE-ID-001-10-1536x164.png 1536w, https:\/\/connectaoeste.com.br\/wp-content\/uploads\/2023\/11\/cropped-cropped-SITE-ID-001-10-2048x218.png 2048w\" sizes=\"auto, (max-width: 1024px) 100vw, 1024px\" \/><\/figure>\n\n\n\n<p>Depois de ser submetido a exames de les\u00f5es corporais, o suspeito passou por audi\u00eancia de cust\u00f3dia, foi preso preventivamente e segue \u00e0 disposi\u00e7\u00e3o do Poder Judici\u00e1rio.<\/p>\n\n\n\n<p><strong>Fonte: ( G1 BA )<\/strong><\/p>\n","protected":false},"excerpt":{"rendered":"<p>Foto: Rede social Um homem foi preso em flagrante suspeito de agredir a pr\u00f3pria m\u00e3e nesta quinta-feira (18), em S\u00e3o F\u00e9lix do Coribe, no oeste da Bahia. A informa\u00e7\u00e3o \u00e9 da Pol\u00edcia Civil. O homem foi autuado em flagrante pelos crimes de amea\u00e7a e les\u00e3o corporal. Ele vai responder pelos no \u00e2mbito da viol\u00eancia dom\u00e9stica [&hellip;]<\/p>\n","protected":false},"author":1,"featured_media":315,"comment_status":"open","ping_status":"open","sticky":false,"template":"","format":"standard","meta":{"footnotes":""},"categories":[7,5],"tags":[15,14,39],"class_list":["post-314","post","type-post","status-publish","format-standard","has-post-thumbnail","hentry","category-bahia","category-noticias","tag-bahia","tag-noticias","tag-safeco"],"_links":{"self":[{"href":"https:\/\/connectaoeste.com.br\/index.php\/wp-json\/wp\/v2\/posts\/314","targetHints":{"allow":["GET"]}}],"collection":[{"href":"https:\/\/connectaoeste.com.br\/index.php\/wp-json\/wp\/v2\/posts"}],"about":[{"href":"https:\/\/connectaoeste.com.br\/index.php\/wp-json\/wp\/v2\/types\/post"}],"author":[{"embeddable":true,"href":"https:\/\/connectaoeste.com.br\/index.php\/wp-json\/wp\/v2\/users\/1"}],"replies":[{"embeddable":true,"href":"https:\/\/connectaoeste.com.br\/index.php\/wp-json\/wp\/v2\/comments?post=314"}],"version-history":[{"count":2,"href":"https:\/\/connectaoeste.com.br\/index.php\/wp-json\/wp\/v2\/posts\/314\/revisions"}],"predecessor-version":[{"id":318,"href":"https:\/\/connectaoeste.com.br\/index.php\/wp-json\/wp\/v2\/posts\/314\/revisions\/318"}],"wp:featuredmedia":[{"embeddable":true,"href":"https:\/\/connectaoeste.com.br\/index.php\/wp-json\/wp\/v2\/media\/315"}],"wp:attachment":[{"href":"https:\/\/connectaoeste.com.br\/index.php\/wp-json\/wp\/v2\/media?parent=314"}],"wp:term":[{"taxonomy":"category","embeddable":true,"href":"https:\/\/connectaoeste.com.br\/index.php\/wp-json\/wp\/v2\/categories?post=314"},{"taxonomy":"post_tag","embeddable":true,"href":"https:\/\/connectaoeste.com.br\/index.php\/wp-json\/wp\/v2\/tags?post=314"}],"curies":[{"name":"wp","href":"https:\/\/api.w.org\/{rel}","templated":true}]}}