{"id":319,"date":"2024-01-22T14:50:43","date_gmt":"2024-01-22T17:50:43","guid":{"rendered":"https:\/\/connectaoeste.com.br\/?p=319"},"modified":"2024-01-22T14:50:44","modified_gmt":"2024-01-22T17:50:44","slug":"marinha-investiga-excesso-de-passageiros-em-embarcacao-que-naufragou-na-ba-barco-fazia-transporte-irregular","status":"publish","type":"post","link":"https:\/\/connectaoeste.com.br\/index.php\/2024\/01\/22\/marinha-investiga-excesso-de-passageiros-em-embarcacao-que-naufragou-na-ba-barco-fazia-transporte-irregular\/","title":{"rendered":"Marinha investiga excesso de passageiros em embarca\u00e7\u00e3o que naufragou na BA; barco fazia transporte irregular"},"content":{"rendered":"\n<p><strong><em>Foto: Rede Social <\/em><\/strong><\/p>\n\n\n\n<p>A embarca\u00e7\u00e3o envolvida no\u00a0<a class=\"\" href=\"https:\/\/g1.globo.com\/ba\/bahia\/noticia\/2024\/01\/22\/embarcacao-naufraga-na-baia-de-todos-os-santos.ghtml\">naufr\u00e1gio que deixou pelo menos seis mortos<\/a>\u00a0em\u00a0<a class=\"\" href=\"https:\/\/g1.globo.com\/ba\/bahia\/cidade\/madre-de-deus\/\">Madre de Deus<\/a>, na Regi\u00e3o Metropolitana de Salvador, fazia transporte irregular de passageiros. Segundo nota enviada pela Marinha nesta segunda-feira (22), o \u00f3rg\u00e3o investiga se houve excesso de passageiros no ve\u00edculo.<\/p>\n\n\n\n<p>Segundo a Marinha, o ve\u00edculo &#8220;Gostos\u00e3o FF&#8221; \u00e9 inscrito na classe &#8220;saveiro&#8221;, para uso exclusivo em atividades de esporte ou recreio. Isso significa que o barco n\u00e3o era habilitado para o uso comercial.<\/p>\n\n\n\n<p>Na noite de domingo (21), o barco saiu da Ilha de Maria Guarda, na Ba\u00eda de Todos-os-Santos, em dire\u00e7\u00e3o ao terminal Mar\u00edtimo de Madre de Deus, que fica a cerca de 2 km de dist\u00e2ncia. Antes da metade do caminho, houve uma briga e o ve\u00edculo naufragou.\u00a0<\/p>\n\n\n\n<p>Ainda n\u00e3o h\u00e1 informa\u00e7\u00f5es sobre quantas pessoas estavam, de fato, na embarca\u00e7\u00e3o, que comportava 10 passageiros e um tripulante.<\/p>\n\n\n\n<p>Segundo a Marinha do Brasil, as v\u00edtimas que morreram s\u00e3o cinco adultos e uma crian\u00e7a.&nbsp;<strong>Cinco delas foram identificadas, enquanto a sexta ainda est\u00e1 sem confirma\u00e7\u00e3o::<\/strong><\/p>\n\n\n\n<ul class=\"wp-block-list\">\n<li>Ryan Kevellyn de Souza Santos, de 22 anos;<\/li>\n\n\n\n<li>Flaviane Jesus dos Santos, de 29 anos;<\/li>\n\n\n\n<li>Jonathan Miguel de Jesus Santos, de 7 anos;<\/li>\n\n\n\n<li>Caroline Barbosa de Souza, de 17 anos;<\/li>\n\n\n\n<li>Rosimeire Maria Souza Santana, de 59 anos;<\/li>\n\n\n\n<li>Hayala dos Santos Conselho, de 32 anos.<\/li>\n\n\n\n<li><video muted=\"\" preload=\"none\" poster=\"https:\/\/s03.video.glbimg.com\/x720\/12286038.jpg\"><\/video><\/li>\n<\/ul>\n\n\n\n<p>Embarca\u00e7\u00e3o naufraga e deixa ao menos 5 mortos na Ba\u00eda de Todos-os-Santos<\/p>\n\n\n\n<p>Outras seis pessoas foram levadas para o Hospital Municipal de Madre Deus. Duas j\u00e1 tiveram alta, tr\u00eas foram levadas para Salvador e uma para Lauro de Freitas.&nbsp;<strong>Veja abaixo quem s\u00e3o as v\u00edtimas feridas:<\/strong><\/p>\n\n\n\n<ul class=\"wp-block-list\">\n<li>Um menino de 6 anos est\u00e1 internado na UTI pedi\u00e1trica do Hospital Roberto Santos, em Salvador;<\/li>\n\n\n\n<li>Uma menina de 1 ano est\u00e1 internada na UTI pedi\u00e1trica do Hospital do Sub\u00farbio, em Salvador;<\/li>\n\n\n\n<li>Uma mulher de 56 anos est\u00e1 internada na UTI do Hospital Municipal de Salvador.<\/li>\n\n\n\n<li>Uma idosa de 83 anos est\u00e1 internada na UTI do Hospital Metropolitano, em Lauro de Freitas.<\/li>\n<\/ul>\n\n\n\n<figure class=\"wp-block-image size-large\"><img loading=\"lazy\" decoding=\"async\" width=\"1024\" height=\"109\" src=\"http:\/\/connectaoeste.com.br\/wp-content\/uploads\/2023\/11\/cropped-cropped-SITE-ID-001-10-1024x109.png\" alt=\"\" class=\"wp-image-109\" srcset=\"https:\/\/connectaoeste.com.br\/wp-content\/uploads\/2023\/11\/cropped-cropped-SITE-ID-001-10-1024x109.png 1024w, https:\/\/connectaoeste.com.br\/wp-content\/uploads\/2023\/11\/cropped-cropped-SITE-ID-001-10-300x32.png 300w, https:\/\/connectaoeste.com.br\/wp-content\/uploads\/2023\/11\/cropped-cropped-SITE-ID-001-10-768x82.png 768w, https:\/\/connectaoeste.com.br\/wp-content\/uploads\/2023\/11\/cropped-cropped-SITE-ID-001-10-1536x164.png 1536w, https:\/\/connectaoeste.com.br\/wp-content\/uploads\/2023\/11\/cropped-cropped-SITE-ID-001-10-2048x218.png 2048w\" sizes=\"auto, (max-width: 1024px) 100vw, 1024px\" \/><\/figure>\n\n\n\n<p>Al\u00e9m das seis mortes confirmadas, pelo menos uma pessoas est\u00e1 desaparecida.<\/p>\n\n\n\n<p>Uma equipe de Busca e Salvamento (SAR) da Capitania dos Portos da Bahia (CPBA) foi enviada ao local para conduzir as buscas dos poss\u00edveis desaparecidos, em conjunto com outros \u00f3rg\u00e3os, al\u00e9m de apurar o ocorrido e coletar informa\u00e7\u00f5es.<\/p>\n\n\n\n<p>Participam das buscas uma embarca\u00e7\u00e3o da Companhia de Pol\u00edcia de Prote\u00e7\u00e3o Ambiental &#8211; (COPPA) da Pol\u00edcia Militar, uma aeronave do Grupamento A\u00e9reo (Graer) e outras embarca\u00e7\u00f5es civis.<\/p>\n\n\n\n<p>A Marinha informou que ser\u00e1 instaurado um Inqu\u00e9rito sobre Acidentes e Fatos da Navega\u00e7\u00e3o (IAFN) pela CPBA, para apurar as causas e circunst\u00e2ncias do acidente.<\/p>\n\n\n\n<p>Conclu\u00eddo o procedimento, os documentos ser\u00e3o encaminhados ao Tribunal Mar\u00edtimo.<\/p>\n\n\n\n<p><strong><em>Fonte: ( G1 BA)<\/em><\/strong><\/p>\n","protected":false},"excerpt":{"rendered":"<p>Foto: Rede Social A embarca\u00e7\u00e3o envolvida no\u00a0naufr\u00e1gio que deixou pelo menos seis mortos\u00a0em\u00a0Madre de Deus, na Regi\u00e3o Metropolitana de Salvador, fazia transporte irregular de passageiros. Segundo nota enviada pela Marinha nesta segunda-feira (22), o \u00f3rg\u00e3o investiga se houve excesso de passageiros no ve\u00edculo. Segundo a Marinha, o ve\u00edculo &#8220;Gostos\u00e3o FF&#8221; \u00e9 inscrito na classe &#8220;saveiro&#8221;, [&hellip;]<\/p>\n","protected":false},"author":1,"featured_media":320,"comment_status":"open","ping_status":"open","sticky":false,"template":"","format":"standard","meta":{"footnotes":""},"categories":[7,8,5],"tags":[15,37],"class_list":["post-319","post","type-post","status-publish","format-standard","has-post-thumbnail","hentry","category-bahia","category-brasil","category-noticias","tag-bahia","tag-noticia"],"_links":{"self":[{"href":"https:\/\/connectaoeste.com.br\/index.php\/wp-json\/wp\/v2\/posts\/319","targetHints":{"allow":["GET"]}}],"collection":[{"href":"https:\/\/connectaoeste.com.br\/index.php\/wp-json\/wp\/v2\/posts"}],"about":[{"href":"https:\/\/connectaoeste.com.br\/index.php\/wp-json\/wp\/v2\/types\/post"}],"author":[{"embeddable":true,"href":"https:\/\/connectaoeste.com.br\/index.php\/wp-json\/wp\/v2\/users\/1"}],"replies":[{"embeddable":true,"href":"https:\/\/connectaoeste.com.br\/index.php\/wp-json\/wp\/v2\/comments?post=319"}],"version-history":[{"count":1,"href":"https:\/\/connectaoeste.com.br\/index.php\/wp-json\/wp\/v2\/posts\/319\/revisions"}],"predecessor-version":[{"id":321,"href":"https:\/\/connectaoeste.com.br\/index.php\/wp-json\/wp\/v2\/posts\/319\/revisions\/321"}],"wp:featuredmedia":[{"embeddable":true,"href":"https:\/\/connectaoeste.com.br\/index.php\/wp-json\/wp\/v2\/media\/320"}],"wp:attachment":[{"href":"https:\/\/connectaoeste.com.br\/index.php\/wp-json\/wp\/v2\/media?parent=319"}],"wp:term":[{"taxonomy":"category","embeddable":true,"href":"https:\/\/connectaoeste.com.br\/index.php\/wp-json\/wp\/v2\/categories?post=319"},{"taxonomy":"post_tag","embeddable":true,"href":"https:\/\/connectaoeste.com.br\/index.php\/wp-json\/wp\/v2\/tags?post=319"}],"curies":[{"name":"wp","href":"https:\/\/api.w.org\/{rel}","templated":true}]}}