{"id":326,"date":"2024-01-22T22:40:35","date_gmt":"2024-01-23T01:40:35","guid":{"rendered":"https:\/\/connectaoeste.com.br\/?p=326"},"modified":"2024-01-22T22:40:35","modified_gmt":"2024-01-23T01:40:35","slug":"danilo-henrique-anuncia-seu-desligamento-do-cargo-de-secretario-de-governo-de-luis-eduardo-magalhaes","status":"publish","type":"post","link":"https:\/\/connectaoeste.com.br\/index.php\/2024\/01\/22\/danilo-henrique-anuncia-seu-desligamento-do-cargo-de-secretario-de-governo-de-luis-eduardo-magalhaes\/","title":{"rendered":"DANILO HENRIQUE ANUNCIA SEU DESLIGAMENTO DO CARGO DE SECRET\u00c1RIO DE GOVERNO DE LU\u00cdS EDUARDO MAGALH\u00c3ES."},"content":{"rendered":"\n<p><strong><em>Foto: Rede Social <\/em><\/strong><\/p>\n\n\n\n<p>Nessa sexta feira dia 19, atrav\u00e9s da sua p\u00e1gina do Instagram, Danilo Henrique anunciou que vai se desligar da Secretaria de Governo de Lu\u00eds Eduardo Magalh\u00e3es. Danilo faz parte da equipe montada pelo Prefeito J\u00fanior Marab\u00e1 e durante os tr\u00eas \u00faltimos anos se destacou pela sua capacidade t\u00e9cnica e pol\u00edtica, tornando assim um bra\u00e7o direito e muito atuante na atual administra\u00e7\u00e3o de LEM. A sua despedida far\u00e1 muita falta para o governo de J\u00fanior Marab\u00e1, reconheceu o atual gestor em um coment\u00e1rio no p\u00f4ster de Danilo Henrique.<\/p>\n\n\n\n<p>\u201c Agradecimento e reconhecimento por tudo que representa pra n\u00f3s, sem voc\u00ea n\u00e3o seria poss\u00edvel \u201c disse o Prefeito J\u00fanior Marab\u00e1.<\/p>\n\n\n\n<figure class=\"wp-block-image size-large\"><img loading=\"lazy\" decoding=\"async\" width=\"1024\" height=\"567\" src=\"http:\/\/connectaoeste.com.br\/wp-content\/uploads\/2024\/01\/97b475da-f423-4f15-881b-1cde3eba2c1b-1024x567.jpg\" alt=\"\" class=\"wp-image-327\" srcset=\"https:\/\/connectaoeste.com.br\/wp-content\/uploads\/2024\/01\/97b475da-f423-4f15-881b-1cde3eba2c1b-1024x567.jpg 1024w, https:\/\/connectaoeste.com.br\/wp-content\/uploads\/2024\/01\/97b475da-f423-4f15-881b-1cde3eba2c1b-300x166.jpg 300w, https:\/\/connectaoeste.com.br\/wp-content\/uploads\/2024\/01\/97b475da-f423-4f15-881b-1cde3eba2c1b-768x425.jpg 768w, https:\/\/connectaoeste.com.br\/wp-content\/uploads\/2024\/01\/97b475da-f423-4f15-881b-1cde3eba2c1b-200x111.jpg 200w, https:\/\/connectaoeste.com.br\/wp-content\/uploads\/2024\/01\/97b475da-f423-4f15-881b-1cde3eba2c1b.jpg 1078w\" sizes=\"auto, (max-width: 1024px) 100vw, 1024px\" \/><\/figure>\n\n\n\n<p>No seu v\u00eddeo publicado Danilo fala de esperan\u00e7a e tamb\u00e9m afirma que ter\u00e1 novos desafios. Danilo Henrique filho do atual Deputado Estadual Ant\u00f4nio Henrique J\u00fanior e neto de Ant\u00f4nio Henrique (Tonh\u00e3o) ex Prefeito de Barreiras, ele surge como um dos nomes mais fortes para disputa da prefeitura da Cidade refer\u00eancia do Oeste Baiano em 2024. Danilo Henrique se desligar\u00e1 do cargo de Secret\u00e1rio no dia 08 de fevereiro 2024.<\/p>\n\n\n\n<figure class=\"wp-block-image size-large\"><img loading=\"lazy\" decoding=\"async\" width=\"1024\" height=\"109\" src=\"http:\/\/connectaoeste.com.br\/wp-content\/uploads\/2023\/11\/cropped-cropped-SITE-ID-001-10-1024x109.png\" alt=\"\" class=\"wp-image-109\" srcset=\"https:\/\/connectaoeste.com.br\/wp-content\/uploads\/2023\/11\/cropped-cropped-SITE-ID-001-10-1024x109.png 1024w, https:\/\/connectaoeste.com.br\/wp-content\/uploads\/2023\/11\/cropped-cropped-SITE-ID-001-10-300x32.png 300w, https:\/\/connectaoeste.com.br\/wp-content\/uploads\/2023\/11\/cropped-cropped-SITE-ID-001-10-768x82.png 768w, https:\/\/connectaoeste.com.br\/wp-content\/uploads\/2023\/11\/cropped-cropped-SITE-ID-001-10-1536x164.png 1536w, https:\/\/connectaoeste.com.br\/wp-content\/uploads\/2023\/11\/cropped-cropped-SITE-ID-001-10-2048x218.png 2048w\" sizes=\"auto, (max-width: 1024px) 100vw, 1024px\" \/><\/figure>\n\n\n\n<p><strong><em>Por CONNECTA OESTE<br>Connectando voc\u00ea a informa\u00e7\u00e3o!<\/em><\/strong><\/p>\n","protected":false},"excerpt":{"rendered":"<p>Foto: Rede Social Nessa sexta feira dia 19, atrav\u00e9s da sua p\u00e1gina do Instagram, Danilo Henrique anunciou que vai se desligar da Secretaria de Governo de Lu\u00eds Eduardo Magalh\u00e3es. Danilo faz parte da equipe montada pelo Prefeito J\u00fanior Marab\u00e1 e durante os tr\u00eas \u00faltimos anos se destacou pela sua capacidade t\u00e9cnica e pol\u00edtica, tornando assim [&hellip;]<\/p>\n","protected":false},"author":1,"featured_media":328,"comment_status":"open","ping_status":"open","sticky":false,"template":"","format":"standard","meta":{"footnotes":""},"categories":[7,5,1],"tags":[15,18,37,38],"class_list":["post-326","post","type-post","status-publish","format-standard","has-post-thumbnail","hentry","category-bahia","category-noticias","category-politica","tag-bahia","tag-lem","tag-noticia","tag-politica"],"_links":{"self":[{"href":"https:\/\/connectaoeste.com.br\/index.php\/wp-json\/wp\/v2\/posts\/326","targetHints":{"allow":["GET"]}}],"collection":[{"href":"https:\/\/connectaoeste.com.br\/index.php\/wp-json\/wp\/v2\/posts"}],"about":[{"href":"https:\/\/connectaoeste.com.br\/index.php\/wp-json\/wp\/v2\/types\/post"}],"author":[{"embeddable":true,"href":"https:\/\/connectaoeste.com.br\/index.php\/wp-json\/wp\/v2\/users\/1"}],"replies":[{"embeddable":true,"href":"https:\/\/connectaoeste.com.br\/index.php\/wp-json\/wp\/v2\/comments?post=326"}],"version-history":[{"count":1,"href":"https:\/\/connectaoeste.com.br\/index.php\/wp-json\/wp\/v2\/posts\/326\/revisions"}],"predecessor-version":[{"id":329,"href":"https:\/\/connectaoeste.com.br\/index.php\/wp-json\/wp\/v2\/posts\/326\/revisions\/329"}],"wp:featuredmedia":[{"embeddable":true,"href":"https:\/\/connectaoeste.com.br\/index.php\/wp-json\/wp\/v2\/media\/328"}],"wp:attachment":[{"href":"https:\/\/connectaoeste.com.br\/index.php\/wp-json\/wp\/v2\/media?parent=326"}],"wp:term":[{"taxonomy":"category","embeddable":true,"href":"https:\/\/connectaoeste.com.br\/index.php\/wp-json\/wp\/v2\/categories?post=326"},{"taxonomy":"post_tag","embeddable":true,"href":"https:\/\/connectaoeste.com.br\/index.php\/wp-json\/wp\/v2\/tags?post=326"}],"curies":[{"name":"wp","href":"https:\/\/api.w.org\/{rel}","templated":true}]}}