{"id":3311,"date":"2026-08-31T08:43:10","date_gmt":"2026-08-31T11:43:10","guid":{"rendered":"https:\/\/connectaoeste.com.br\/?p=3311"},"modified":"2026-08-31T08:43:10","modified_gmt":"2026-08-31T11:43:10","slug":"atlasintel-lula-lidera-corrida-presidencial-com-434-flavio-bolsonaro-aparece-com-337","status":"publish","type":"post","link":"https:\/\/connectaoeste.com.br\/index.php\/2026\/08\/31\/atlasintel-lula-lidera-corrida-presidencial-com-434-flavio-bolsonaro-aparece-com-337\/","title":{"rendered":"AtlasIntel: Lula lidera corrida presidencial com 43,4%; Fl\u00e1vio Bolsonaro aparece com 33,7%."},"content":{"rendered":"<p><strong>Pesquisa divulgada nesta segunda-feira (31) mostra Lula na lideran\u00e7a no primeiro turno; Augusto Cury e Renan Santos aparecem tecnicamente pr\u00f3ximos na terceira coloca\u00e7\u00e3o<\/strong><\/p>\n<p>O presidente Luiz In\u00e1cio Lula da Silva (PT) aparece na lideran\u00e7a da corrida pela Presid\u00eancia da Rep\u00fablica no primeiro turno das elei\u00e7\u00f5es de 2026, segundo pesquisa Atlas\/Bloomberg divulgada nesta segunda-feira (31). O levantamento aponta Lula com <strong>43,4% das inten\u00e7\u00f5es de voto<\/strong>, enquanto o senador Fl\u00e1vio Bolsonaro (PL-RJ) registra <strong>33,7%<\/strong>.<\/p>\n<p>A diferen\u00e7a entre os dois principais nomes da disputa \u00e9 de <strong>9,7 pontos percentuais<\/strong>.<\/p>\n<p>Na sequ\u00eancia, o levantamento mostra uma disputa mais equilibrada pela terceira posi\u00e7\u00e3o. O escritor <strong>Augusto Cury (Avante)<\/strong> aparece com <strong>7,8%<\/strong>, seguido de <strong>Renan Santos (Miss\u00e3o)<\/strong>, com <strong>7,6%<\/strong>.<\/p>\n<p>O ex-governador de Goi\u00e1s <strong>Ronaldo Caiado (PSD)<\/strong> registra 3,3% das inten\u00e7\u00f5es de voto. J\u00e1 <strong>Pablo Mar\u00e7al (PRTB)<\/strong> aparece com 1,9%, enquanto <strong>Romeu Zema (Novo)<\/strong> tem 1%. Samara (UP) soma 0,9%.<\/p>\n<p>Tamb\u00e9m aparecem no levantamento <strong>Rui Costa Pimenta (PCO)<\/strong> e <strong>Wilson Grassi (Democrata)<\/strong>, com 0,1% cada. Votos brancos e nulos representam 0,1%, enquanto 0,2% dos entrevistados afirmaram n\u00e3o saber em quem votar.<\/p>\n<p>A pesquisa Atlas\/Bloomberg ouviu <strong>5.014 pessoas entre os dias 25 e 30 de agosto de 2026<\/strong>. A margem de erro \u00e9 de <strong>1 ponto percentual para mais ou para menos<\/strong>, com n\u00edvel de confian\u00e7a de 95%.<\/p>\n<p>O levantamento est\u00e1 registrado no Tribunal Superior Eleitoral (TSE) sob o protocolo <strong>BR-07972\/2026<\/strong>.<\/p>\n<p>Os n\u00fameros refor\u00e7am a lideran\u00e7a de Lula na atual fotografia da disputa presidencial, enquanto Fl\u00e1vio Bolsonaro permanece como principal advers\u00e1rio no primeiro turno.<\/p>\n<p>O desempenho de Augusto Cury tamb\u00e9m chama aten\u00e7\u00e3o, j\u00e1 que o candidato aparece pr\u00f3ximo de Renan Santos na disputa pela terceira coloca\u00e7\u00e3o, indicando uma competi\u00e7\u00e3o mais acirrada entre os nomes que v\u00eam atr\u00e1s dos dois l\u00edderes.<\/p>\n<p>Apesar dos resultados, a pesquisa representa apenas o cen\u00e1rio encontrado no per\u00edodo em que as entrevistas foram realizadas. At\u00e9 a elei\u00e7\u00e3o, mudan\u00e7as no quadro eleitoral, alian\u00e7as, campanha, debates e exposi\u00e7\u00e3o dos candidatos podem alterar as inten\u00e7\u00f5es de voto.<\/p>\n<p style=\"text-align: center;\"><strong>CONNECTA OESTE\u00a0<\/strong><\/p>\n","protected":false},"excerpt":{"rendered":"<p>Pesquisa divulgada nesta segunda-feira (31) mostra Lula na lideran\u00e7a no primeiro turno; Augusto Cury e Renan Santos aparecem tecnicamente pr\u00f3ximos na terceira coloca\u00e7\u00e3o O presidente Luiz In\u00e1cio Lula da Silva (PT) aparece na lideran\u00e7a da corrida pela Presid\u00eancia da Rep\u00fablica no primeiro turno das elei\u00e7\u00f5es de 2026, segundo pesquisa Atlas\/Bloomberg divulgada nesta segunda-feira (31). O [&hellip;]<\/p>\n","protected":false},"author":1,"featured_media":3312,"comment_status":"open","ping_status":"open","sticky":false,"template":"","format":"standard","meta":{"footnotes":""},"categories":[8,5,1],"tags":[],"class_list":["post-3311","post","type-post","status-publish","format-standard","has-post-thumbnail","hentry","category-brasil","category-noticias","category-politica"],"_links":{"self":[{"href":"https:\/\/connectaoeste.com.br\/index.php\/wp-json\/wp\/v2\/posts\/3311","targetHints":{"allow":["GET"]}}],"collection":[{"href":"https:\/\/connectaoeste.com.br\/index.php\/wp-json\/wp\/v2\/posts"}],"about":[{"href":"https:\/\/connectaoeste.com.br\/index.php\/wp-json\/wp\/v2\/types\/post"}],"author":[{"embeddable":true,"href":"https:\/\/connectaoeste.com.br\/index.php\/wp-json\/wp\/v2\/users\/1"}],"replies":[{"embeddable":true,"href":"https:\/\/connectaoeste.com.br\/index.php\/wp-json\/wp\/v2\/comments?post=3311"}],"version-history":[{"count":1,"href":"https:\/\/connectaoeste.com.br\/index.php\/wp-json\/wp\/v2\/posts\/3311\/revisions"}],"predecessor-version":[{"id":3313,"href":"https:\/\/connectaoeste.com.br\/index.php\/wp-json\/wp\/v2\/posts\/3311\/revisions\/3313"}],"wp:featuredmedia":[{"embeddable":true,"href":"https:\/\/connectaoeste.com.br\/index.php\/wp-json\/wp\/v2\/media\/3312"}],"wp:attachment":[{"href":"https:\/\/connectaoeste.com.br\/index.php\/wp-json\/wp\/v2\/media?parent=3311"}],"wp:term":[{"taxonomy":"category","embeddable":true,"href":"https:\/\/connectaoeste.com.br\/index.php\/wp-json\/wp\/v2\/categories?post=3311"},{"taxonomy":"post_tag","embeddable":true,"href":"https:\/\/connectaoeste.com.br\/index.php\/wp-json\/wp\/v2\/tags?post=3311"}],"curies":[{"name":"wp","href":"https:\/\/api.w.org\/{rel}","templated":true}]}}