{"id":3314,"date":"2026-08-31T09:14:38","date_gmt":"2026-08-31T12:14:38","guid":{"rendered":"https:\/\/connectaoeste.com.br\/?p=3314"},"modified":"2026-08-31T09:14:38","modified_gmt":"2026-08-31T12:14:38","slug":"candidato-a-deputado-thiancle-araujo-e-preso-apos-confusao-com-pm-durante-ato-politico-em-alagoinhas","status":"publish","type":"post","link":"https:\/\/connectaoeste.com.br\/index.php\/2026\/08\/31\/candidato-a-deputado-thiancle-araujo-e-preso-apos-confusao-com-pm-durante-ato-politico-em-alagoinhas\/","title":{"rendered":"Candidato a deputado Thiancle Ara\u00fajo \u00e9 preso ap\u00f3s confus\u00e3o com PM durante ato pol\u00edtico em Alagoinhas."},"content":{"rendered":"<p><strong>Ex-prefeito de Castro Alves participava de uma motociata quando foi abordado por policiais; defesa afirma que evento havia sido previamente comunicado \u00e0s autoridades<\/strong><\/p>\n<p>O ex-prefeito de Castro Alves e candidato a deputado estadual pela Bahia, <strong>Thiancle Ara\u00fajo (PSD)<\/strong>, foi preso neste domingo (30), em Alagoinhas, ap\u00f3s se envolver em uma confus\u00e3o com policiais militares durante um ato pol\u00edtico.<\/p>\n<p>Segundo informa\u00e7\u00f5es divulgadas sobre a ocorr\u00eancia, Thiancle participava de uma <strong>motociata de campanha<\/strong> e, ap\u00f3s o encerramento do percurso, havia um equipamento de som conhecido como \u201cpared\u00e3o\u201d no local. Policiais militares teriam abordado o candidato para interromper a atividade.<\/p>\n<p>Durante a abordagem, ocorreu uma discuss\u00e3o entre Thiancle e um dos agentes, que teria evolu\u00eddo para um confronto f\u00edsico. O pol\u00edtico acabou sendo imobilizado, algemado e conduzido para uma delegacia.<\/p>\n<p>A defesa de Thiancle Ara\u00fajo apresentou uma vers\u00e3o diferente para o epis\u00f3dio. Segundo os advogados, a atividade pol\u00edtica havia sido <strong>previamente comunicada e autorizada pelas autoridades<\/strong>.<\/p>\n<p>A defesa afirma ainda que o questionamento dos policiais estava relacionado ao equipamento de som utilizado durante a motociata e sustenta que esse tipo de atividade pode fazer parte de atos de campanha, desde que respeitadas as regras estabelecidas pela Justi\u00e7a Eleitoral.<\/p>\n<p>Ap\u00f3s deixar a delegacia, Thiancle se manifestou nas redes sociais e classificou a abordagem como abusiva. A assessoria do candidato tamb\u00e9m afirmou que ele teria sido v\u00edtima de abuso de autoridade e agress\u00f5es durante a ocorr\u00eancia.<\/p>\n<p>V\u00eddeos que circulam nas redes sociais registraram parte da discuss\u00e3o entre o candidato e os policiais. As imagens mostram Thiancle questionando a atua\u00e7\u00e3o dos agentes antes de ser contido e levado para a delegacia.<\/p>\n<p>O caso ganhou repercuss\u00e3o por ocorrer durante o per\u00edodo eleitoral e envolve vers\u00f5es distintas apresentadas pelo candidato e pelos relatos iniciais sobre a atua\u00e7\u00e3o policial. As circunst\u00e2ncias da abordagem dever\u00e3o ser esclarecidas pelas autoridades competentes.<\/p>\n<p>Thiancle Ara\u00fajo \u00e9 conhecido tamb\u00e9m por defender a regulamenta\u00e7\u00e3o do chamado <strong>\u201cgrau de moto\u201d<\/strong>, pr\u00e1tica que envolve manobras realizadas com motocicletas. A pauta se tornou uma das principais bandeiras de sua atua\u00e7\u00e3o pol\u00edtica.<\/p>\n<p>O ex-prefeito j\u00e1 havia protagonizado outro epis\u00f3dio de discuss\u00e3o com policiais durante um evento relacionado \u00e0 pr\u00e1tica neste ano, em Terra Nova, na Bahia.<\/p>\n<p>O caso de Alagoinhas dever\u00e1 continuar sendo acompanhado durante os pr\u00f3ximos dias, especialmente diante das vers\u00f5es apresentadas pelo candidato e por sua defesa sobre a abordagem policial.<\/p>\n<p style=\"text-align: center;\"><strong>CONNECTA OESTE<\/strong><\/p>\n","protected":false},"excerpt":{"rendered":"<p>Ex-prefeito de Castro Alves participava de uma motociata quando foi abordado por policiais; defesa afirma que evento havia sido previamente comunicado \u00e0s autoridades O ex-prefeito de Castro Alves e candidato a deputado estadual pela Bahia, Thiancle Ara\u00fajo (PSD), foi preso neste domingo (30), em Alagoinhas, ap\u00f3s se envolver em uma confus\u00e3o com policiais militares durante [&hellip;]<\/p>\n","protected":false},"author":1,"featured_media":3315,"comment_status":"open","ping_status":"open","sticky":false,"template":"","format":"standard","meta":{"footnotes":""},"categories":[7,62,5],"tags":[],"class_list":["post-3314","post","type-post","status-publish","format-standard","has-post-thumbnail","hentry","category-bahia","category-evento","category-noticias"],"_links":{"self":[{"href":"https:\/\/connectaoeste.com.br\/index.php\/wp-json\/wp\/v2\/posts\/3314","targetHints":{"allow":["GET"]}}],"collection":[{"href":"https:\/\/connectaoeste.com.br\/index.php\/wp-json\/wp\/v2\/posts"}],"about":[{"href":"https:\/\/connectaoeste.com.br\/index.php\/wp-json\/wp\/v2\/types\/post"}],"author":[{"embeddable":true,"href":"https:\/\/connectaoeste.com.br\/index.php\/wp-json\/wp\/v2\/users\/1"}],"replies":[{"embeddable":true,"href":"https:\/\/connectaoeste.com.br\/index.php\/wp-json\/wp\/v2\/comments?post=3314"}],"version-history":[{"count":1,"href":"https:\/\/connectaoeste.com.br\/index.php\/wp-json\/wp\/v2\/posts\/3314\/revisions"}],"predecessor-version":[{"id":3316,"href":"https:\/\/connectaoeste.com.br\/index.php\/wp-json\/wp\/v2\/posts\/3314\/revisions\/3316"}],"wp:featuredmedia":[{"embeddable":true,"href":"https:\/\/connectaoeste.com.br\/index.php\/wp-json\/wp\/v2\/media\/3315"}],"wp:attachment":[{"href":"https:\/\/connectaoeste.com.br\/index.php\/wp-json\/wp\/v2\/media?parent=3314"}],"wp:term":[{"taxonomy":"category","embeddable":true,"href":"https:\/\/connectaoeste.com.br\/index.php\/wp-json\/wp\/v2\/categories?post=3314"},{"taxonomy":"post_tag","embeddable":true,"href":"https:\/\/connectaoeste.com.br\/index.php\/wp-json\/wp\/v2\/tags?post=3314"}],"curies":[{"name":"wp","href":"https:\/\/api.w.org\/{rel}","templated":true}]}}