{"id":346,"date":"2024-02-01T09:22:09","date_gmt":"2024-02-01T12:22:09","guid":{"rendered":"https:\/\/connectaoeste.com.br\/?p=346"},"modified":"2024-02-01T09:22:09","modified_gmt":"2024-02-01T12:22:09","slug":"preco-de-gas-de-cozinha-sofre-alta-mais-uma-vez","status":"publish","type":"post","link":"https:\/\/connectaoeste.com.br\/index.php\/2024\/02\/01\/preco-de-gas-de-cozinha-sofre-alta-mais-uma-vez\/","title":{"rendered":"PRE\u00c7O DE G\u00c1S DE COZINHA SOFRE ALTA MAIS UMA VEZ"},"content":{"rendered":"\n<p><em>Aumento de 1,5% na al\u00edquota modal do ICMS foi aprovado pela Assembleia Legislativa da Bahia em novembro do ano passado.<\/em><\/p>\n\n\n\n<p>Os pre\u00e7os do g\u00e1s de cozinha e de combust\u00edveis v\u00e3o ficar mais caros a partir desta quinta-feira (1\u00ba) no estado. Isso ocorre por causa do\u00a0<a class=\"\" href=\"https:\/\/g1.globo.com\/ba\/bahia\/noticia\/2023\/11\/08\/assembleia-legislativa-da-bahia-aprova-aumento-de-15percent-em-icms.ghtml\">aumento de 1,5% na al\u00edquota modal do Imposto sobre Circula\u00e7\u00e3o de Mercadorias e Servi\u00e7os (ICMS)<\/a>, aprovado na Assembleia Legislativa da Bahia (Alba) em novembro do ano passado.<\/p>\n\n\n\n<p>Segundo o comerciante Walter Nery,&nbsp;o valor do g\u00e1s deve passar de R$ 130 para R$ 135.<\/p>\n\n\n\n<blockquote class=\"wp-block-quote is-layout-flow wp-block-quote-is-layout-flow\">\n<p>&#8220;Quem quiser comprar mais barato, pode se dirigir \u00e0 revenda, que economiza R$ 10. Ou seja, paga R$ 125, porque a entrega tem custo, ent\u00e3o o pre\u00e7o \u00e9 mais caro&#8221;, explicou.<\/p>\n<\/blockquote>\n\n\n\n<p>Ainda segundo o comerciante, as vendas devem cair por causa do aumento. &#8220;Cada aumento que tem, a venda vai se retraindo. O aumento vem, subindo de elevador, e as vendas descendo de elevador da mesma forma&#8221;, disse.<\/p>\n\n\n\n<figure class=\"wp-block-image\"><img decoding=\"async\" src=\"https:\/\/s2-g1.glbimg.com\/VAsAc3k1cG2fsuyiv9fCjJm4Cl4=\/0x0:800x500\/984x0\/smart\/filters:strip_icc()\/i.s3.glbimg.com\/v1\/AUTH_59edd422c0c84a879bd37670ae4f538a\/internal_photos\/bs\/2023\/F\/F\/dBIauqTcSZMsXvtPAcFQ\/novo-projeto-38-.jpg\" alt=\"Pre\u00e7o do g\u00e1s de cozinha tem aumento na Bahia \u2014 Foto: Ugor Feio\/Arquivo g1\"\/><\/figure>\n\n\n\n<p><em>Pre\u00e7o do g\u00e1s de cozinha tem aumento na Bahia \u2014 Foto: Ugor Feio\/Arquivo g1<\/em><\/p>\n\n\n\n<p>O presidente do Sindicato dos Revendedores de G\u00e1s do Estado da Bahia, Roberto Souza, disse que recebeu a not\u00edcia do aumento do ICMS com perplexidade.<\/p>\n\n\n\n<p>&#8220;Mais um reajuste, dessa vez do ICMS, que traz impacto muito grande para o consumidor. Pesa no bolso do consumidor mais uma vez&#8221;, afirmou.<\/p>\n\n\n\n<p>Ainda conforme Souza,&nbsp;<a class=\"\" href=\"https:\/\/g1.globo.com\/ba\/bahia\/noticia\/2024\/01\/02\/acelen-anuncia-aumento-no-preco-do-gas-de-cozinha-na-bahia.ghtml\">o reajuste anunciado pela Acelen, empresa que administra a Refinaria Mataripe, no m\u00eas passado<\/a>, tamb\u00e9m impactou no aumento do valor do g\u00e1s de cozinha.<\/p>\n\n\n\n<p>&#8220;O peso maior foi do ICMS, mas a Acelen tamb\u00e9m teve reajuste, embora n\u00e3o muito grande&#8221;, enfatizou.<\/p>\n\n\n\n<p>Na \u00e9poca, a Acelen informou que os pre\u00e7os dos produtos da Refinaria de Mataripe seguem crit\u00e9rios de mercado que levam em considera\u00e7\u00e3o vari\u00e1veis como custo do petr\u00f3leo, que \u00e9 adquirido a pre\u00e7os internacionais; a cota\u00e7\u00e3o do d\u00f3lar e o frete, podendo variar para cima ou para baixo.<\/p>\n\n\n\n<p>Ainda na nota, a empresa ressaltou que possui uma pol\u00edtica de pre\u00e7os transparente, amparada por crit\u00e9rios t\u00e9cnicos, em conson\u00e2ncia com as pr\u00e1ticas internacionais de mercado.<\/p>\n\n\n\n<p><em>Fonte:<\/em> ( <a class=\"\" href=\"https:\/\/g1.globo.com\/ba\/bahia\/ultimas-noticias\/\"><em>g1 Bahia<\/em><\/a><em>.<\/em>) <\/p>\n\n\n\n<figure class=\"wp-block-image size-large\"><img loading=\"lazy\" decoding=\"async\" width=\"1024\" height=\"109\" src=\"http:\/\/connectaoeste.com.br\/wp-content\/uploads\/2023\/11\/cropped-cropped-SITE-ID-001-10-1024x109.png\" alt=\"\" class=\"wp-image-109\" srcset=\"https:\/\/connectaoeste.com.br\/wp-content\/uploads\/2023\/11\/cropped-cropped-SITE-ID-001-10-1024x109.png 1024w, https:\/\/connectaoeste.com.br\/wp-content\/uploads\/2023\/11\/cropped-cropped-SITE-ID-001-10-300x32.png 300w, https:\/\/connectaoeste.com.br\/wp-content\/uploads\/2023\/11\/cropped-cropped-SITE-ID-001-10-768x82.png 768w, https:\/\/connectaoeste.com.br\/wp-content\/uploads\/2023\/11\/cropped-cropped-SITE-ID-001-10-1536x164.png 1536w, https:\/\/connectaoeste.com.br\/wp-content\/uploads\/2023\/11\/cropped-cropped-SITE-ID-001-10-2048x218.png 2048w\" sizes=\"auto, (max-width: 1024px) 100vw, 1024px\" \/><\/figure>\n\n\n\n<p><strong><em>CONNECA OESTE<br>Connectando voc\u00ea a informa\u00e7\u00e3o!<\/em><\/strong><\/p>\n","protected":false},"excerpt":{"rendered":"<p>Aumento de 1,5% na al\u00edquota modal do ICMS foi aprovado pela Assembleia Legislativa da Bahia em novembro do ano passado. Os pre\u00e7os do g\u00e1s de cozinha e de combust\u00edveis v\u00e3o ficar mais caros a partir desta quinta-feira (1\u00ba) no estado. Isso ocorre por causa do\u00a0aumento de 1,5% na al\u00edquota modal do Imposto sobre Circula\u00e7\u00e3o de [&hellip;]<\/p>\n","protected":false},"author":1,"featured_media":347,"comment_status":"open","ping_status":"open","sticky":false,"template":"","format":"standard","meta":{"footnotes":""},"categories":[7,5],"tags":[15,14],"class_list":["post-346","post","type-post","status-publish","format-standard","has-post-thumbnail","hentry","category-bahia","category-noticias","tag-bahia","tag-noticias"],"_links":{"self":[{"href":"https:\/\/connectaoeste.com.br\/index.php\/wp-json\/wp\/v2\/posts\/346","targetHints":{"allow":["GET"]}}],"collection":[{"href":"https:\/\/connectaoeste.com.br\/index.php\/wp-json\/wp\/v2\/posts"}],"about":[{"href":"https:\/\/connectaoeste.com.br\/index.php\/wp-json\/wp\/v2\/types\/post"}],"author":[{"embeddable":true,"href":"https:\/\/connectaoeste.com.br\/index.php\/wp-json\/wp\/v2\/users\/1"}],"replies":[{"embeddable":true,"href":"https:\/\/connectaoeste.com.br\/index.php\/wp-json\/wp\/v2\/comments?post=346"}],"version-history":[{"count":1,"href":"https:\/\/connectaoeste.com.br\/index.php\/wp-json\/wp\/v2\/posts\/346\/revisions"}],"predecessor-version":[{"id":348,"href":"https:\/\/connectaoeste.com.br\/index.php\/wp-json\/wp\/v2\/posts\/346\/revisions\/348"}],"wp:featuredmedia":[{"embeddable":true,"href":"https:\/\/connectaoeste.com.br\/index.php\/wp-json\/wp\/v2\/media\/347"}],"wp:attachment":[{"href":"https:\/\/connectaoeste.com.br\/index.php\/wp-json\/wp\/v2\/media?parent=346"}],"wp:term":[{"taxonomy":"category","embeddable":true,"href":"https:\/\/connectaoeste.com.br\/index.php\/wp-json\/wp\/v2\/categories?post=346"},{"taxonomy":"post_tag","embeddable":true,"href":"https:\/\/connectaoeste.com.br\/index.php\/wp-json\/wp\/v2\/tags?post=346"}],"curies":[{"name":"wp","href":"https:\/\/api.w.org\/{rel}","templated":true}]}}