{"id":350,"date":"2024-02-01T09:32:46","date_gmt":"2024-02-01T12:32:46","guid":{"rendered":"https:\/\/connectaoeste.com.br\/?p=350"},"modified":"2024-02-01T09:32:46","modified_gmt":"2024-02-01T12:32:46","slug":"prefeitura-de-cidade-baiana-contrata-show-de-artista-sertanejo-por-mais-de-1-milhao-apos-decretar-estado-de-emergencia","status":"publish","type":"post","link":"https:\/\/connectaoeste.com.br\/index.php\/2024\/02\/01\/prefeitura-de-cidade-baiana-contrata-show-de-artista-sertanejo-por-mais-de-1-milhao-apos-decretar-estado-de-emergencia\/","title":{"rendered":"PREFEITURA DE CIDADE BAIANA CONTRATA SHOW DE ARTISTA SERTANEJO POR MAIS DE 1 MILH\u00c3O AP\u00d3S DECRETAR ESTADO DE EMERG\u00caNCIA."},"content":{"rendered":"\n<p><em>Em situa\u00e7\u00e3o de emerg\u00eancia por causa da seca, prefeitura de cidade da BA contrata show Gusttavo Lima por mais de R$ 1 milh\u00e3o \u2014 Foto: Rede Social <\/em><\/p>\n\n\n\n<p>Mesmo tento declarado<a class=\"\" href=\"https:\/\/g1.globo.com\/ba\/bahia\/noticia\/2023\/10\/25\/mais-de-90-municipios-baianos-estao-com-decretos-de-vigentes-de-situacao-de-emergencia-por-estiagem.ghtml\">\u00a0situa\u00e7\u00e3o de emerg\u00eancia por causa da seca<\/a>, a prefeitura de\u00a0<a class=\"\" href=\"https:\/\/g1.globo.com\/ba\/bahia\/cidade\/campo-alegre-de-lourdes\/\">Campo Alegre de Lourdes<\/a>, no norte da Bahia, contratou o show de\u00a0<a class=\"\" href=\"https:\/\/g1.globo.com\/tudo-sobre\/gusttavo-lima\/\">Gusttavo Lima<\/a>\u00a0por cerca de R$ 1,3 milh\u00e3o para a festa da padroeira da cidade, no dia 9 de fevereiro.<\/p>\n\n\n\n<p>Por meio de nota, a prefeitura de Campo Alegre de Lourdes disse que os festejos em homenagem \u00e0 Nossa Senhora de Lourdes, padroeira do munic\u00edpio, s\u00e3o realizados tradicionalmente no m\u00eas de fevereiro e sempre contaram com grandes atra\u00e7\u00f5es musicais.<\/p>\n\n\n\n<p>Ainda segundo a nota, as comemora\u00e7\u00f5es s\u00e3o de extrema import\u00e2ncia para o desenvolvimento do munic\u00edpio, uma vez que fortalecem a economia e o com\u00e9rcio locais, atraindo turistas e visitantes de outros locais.<\/p>\n\n\n\n<p>O munic\u00edpio, que tem cerca de 30 mil habitantes, est\u00e1 em situa\u00e7\u00e3o de emerg\u00eancia por causa da estiagem desde setembro do ano passado. O decreto tem validade at\u00e9 o m\u00eas de mar\u00e7o.<\/p>\n\n\n\n<p>O valor do cach\u00ea \u00e9 de R$ 1,1 milh\u00e3o. Outros R$ 200 mil s\u00e3o destinados \u00e0 hospedagem e transporte do artista. O pagamento foi dividido em cinco vezes.<\/p>\n\n\n\n<p>Esse valor do contrato, assinado em setembro do ano passado, \u00e9 tr\u00eas vezes maior do que todo o montante destinado ao or\u00e7amento da pasta de Cultura da cidade, de cerca de R$ 413 mil.<\/p>\n\n\n\n<p>O documento tamb\u00e9m prev\u00ea que o munic\u00edpio \u00e9 respons\u00e1vel pelo custeio da hospedagem em hotel com n\u00edvel de servi\u00e7os e comodidade com grau de excel\u00eancia, al\u00e9m de transporte local, camarim e carregadores de equipamentos.<\/p>\n\n\n\n<p>Fonte: ( <a class=\"\" href=\"https:\/\/g1.globo.com\/ba\/bahia\/ultimas-noticias\/\"><em>g1 Bahia<\/em><\/a> )<\/p>\n\n\n\n<figure class=\"wp-block-image size-large\"><img loading=\"lazy\" decoding=\"async\" width=\"1024\" height=\"109\" src=\"http:\/\/connectaoeste.com.br\/wp-content\/uploads\/2023\/11\/cropped-cropped-SITE-ID-001-10-1024x109.png\" alt=\"\" class=\"wp-image-109\" srcset=\"https:\/\/connectaoeste.com.br\/wp-content\/uploads\/2023\/11\/cropped-cropped-SITE-ID-001-10-1024x109.png 1024w, https:\/\/connectaoeste.com.br\/wp-content\/uploads\/2023\/11\/cropped-cropped-SITE-ID-001-10-300x32.png 300w, https:\/\/connectaoeste.com.br\/wp-content\/uploads\/2023\/11\/cropped-cropped-SITE-ID-001-10-768x82.png 768w, https:\/\/connectaoeste.com.br\/wp-content\/uploads\/2023\/11\/cropped-cropped-SITE-ID-001-10-1536x164.png 1536w, https:\/\/connectaoeste.com.br\/wp-content\/uploads\/2023\/11\/cropped-cropped-SITE-ID-001-10-2048x218.png 2048w\" sizes=\"auto, (max-width: 1024px) 100vw, 1024px\" \/><\/figure>\n\n\n\n<p><em><strong>CONNECA OESTE<br>Connectando voc\u00ea a informa\u00e7\u00e3o!<\/strong><\/em><\/p>\n","protected":false},"excerpt":{"rendered":"<p>Em situa\u00e7\u00e3o de emerg\u00eancia por causa da seca, prefeitura de cidade da BA contrata show Gusttavo Lima por mais de R$ 1 milh\u00e3o \u2014 Foto: Rede Social Mesmo tento declarado\u00a0situa\u00e7\u00e3o de emerg\u00eancia por causa da seca, a prefeitura de\u00a0Campo Alegre de Lourdes, no norte da Bahia, contratou o show de\u00a0Gusttavo Lima\u00a0por cerca de R$ 1,3 [&hellip;]<\/p>\n","protected":false},"author":1,"featured_media":351,"comment_status":"open","ping_status":"open","sticky":false,"template":"","format":"standard","meta":{"footnotes":""},"categories":[7,5],"tags":[15,14],"class_list":["post-350","post","type-post","status-publish","format-standard","has-post-thumbnail","hentry","category-bahia","category-noticias","tag-bahia","tag-noticias"],"_links":{"self":[{"href":"https:\/\/connectaoeste.com.br\/index.php\/wp-json\/wp\/v2\/posts\/350","targetHints":{"allow":["GET"]}}],"collection":[{"href":"https:\/\/connectaoeste.com.br\/index.php\/wp-json\/wp\/v2\/posts"}],"about":[{"href":"https:\/\/connectaoeste.com.br\/index.php\/wp-json\/wp\/v2\/types\/post"}],"author":[{"embeddable":true,"href":"https:\/\/connectaoeste.com.br\/index.php\/wp-json\/wp\/v2\/users\/1"}],"replies":[{"embeddable":true,"href":"https:\/\/connectaoeste.com.br\/index.php\/wp-json\/wp\/v2\/comments?post=350"}],"version-history":[{"count":1,"href":"https:\/\/connectaoeste.com.br\/index.php\/wp-json\/wp\/v2\/posts\/350\/revisions"}],"predecessor-version":[{"id":352,"href":"https:\/\/connectaoeste.com.br\/index.php\/wp-json\/wp\/v2\/posts\/350\/revisions\/352"}],"wp:featuredmedia":[{"embeddable":true,"href":"https:\/\/connectaoeste.com.br\/index.php\/wp-json\/wp\/v2\/media\/351"}],"wp:attachment":[{"href":"https:\/\/connectaoeste.com.br\/index.php\/wp-json\/wp\/v2\/media?parent=350"}],"wp:term":[{"taxonomy":"category","embeddable":true,"href":"https:\/\/connectaoeste.com.br\/index.php\/wp-json\/wp\/v2\/categories?post=350"},{"taxonomy":"post_tag","embeddable":true,"href":"https:\/\/connectaoeste.com.br\/index.php\/wp-json\/wp\/v2\/tags?post=350"}],"curies":[{"name":"wp","href":"https:\/\/api.w.org\/{rel}","templated":true}]}}