{"id":367,"date":"2024-02-03T09:26:32","date_gmt":"2024-02-03T12:26:32","guid":{"rendered":"https:\/\/connectaoeste.com.br\/?p=367"},"modified":"2024-02-03T09:26:36","modified_gmt":"2024-02-03T12:26:36","slug":"ipva-pode-ser-pago-com-desconto-de-15-ate-07-de-fevereiro","status":"publish","type":"post","link":"https:\/\/connectaoeste.com.br\/index.php\/2024\/02\/03\/ipva-pode-ser-pago-com-desconto-de-15-ate-07-de-fevereiro\/","title":{"rendered":"IPVA pode ser pago com desconto de 15% at\u00e9 07 de fevereiro"},"content":{"rendered":"\n<p><em>Foto: Rede Social<\/em><\/p>\n\n\n\n<p>Propriet\u00e1rios de ve\u00edculos agora podem realizar o pagamento tamb\u00e9m via PIX atrav\u00e9s de qualquer institui\u00e7\u00e3o financeira na cota \u00fanica<\/p>\n\n\n\n<p>As boas not\u00edcias para os propriet\u00e1rios de ve\u00edculos, em 2024, passam pela redu\u00e7\u00e3o de valores do IPVA (Imposto sobre a Propriedade de Ve\u00edculos Automotores) , em m\u00e9dia 2,61% menor na Bahia e a facilidade de pagamento do imposto \u00e0 vista em qualquer institui\u00e7\u00e3o banc\u00e1ria, via pix. O Detran-Ba (Departamento Estadual de Tr\u00e2nsito) lembra que pagando a cota \u00fanica at\u00e9 07 de fevereiro o desconto \u00e9 de 15%.<\/p>\n\n\n\n<p>O Estado da Bahia manteve, por outro lado, as possibilidades de parcelamento em cinco vezes. O parcelamento ser\u00e1 feito conforme calend\u00e1rio anual que leva em conta o n\u00famero final da placa do ve\u00edculo. J\u00e1 para quem quiser aproveitar a vantagem do pagamento com desconto h\u00e1 duas op\u00e7\u00f5es: 15% para quem optar pelo pagamento em cota \u00fanica at\u00e9 7 de fevereiro, e 8% caso o contribuinte fa\u00e7a a quita\u00e7\u00e3o no vencimento da primeira parcela do parcelamento previsto para o seu ve\u00edculo, fixada de acordo com o calend\u00e1rio anual.<\/p>\n\n\n\n<figure class=\"wp-block-image size-full\"><img loading=\"lazy\" decoding=\"async\" width=\"900\" height=\"600\" src=\"http:\/\/connectaoeste.com.br\/wp-content\/uploads\/2024\/02\/Calendario-de-pagamento-do-IPVA-2024-2-900x600-1.png\" alt=\"\" class=\"wp-image-366\" srcset=\"https:\/\/connectaoeste.com.br\/wp-content\/uploads\/2024\/02\/Calendario-de-pagamento-do-IPVA-2024-2-900x600-1.png 900w, https:\/\/connectaoeste.com.br\/wp-content\/uploads\/2024\/02\/Calendario-de-pagamento-do-IPVA-2024-2-900x600-1-300x200.png 300w, https:\/\/connectaoeste.com.br\/wp-content\/uploads\/2024\/02\/Calendario-de-pagamento-do-IPVA-2024-2-900x600-1-768x512.png 768w, https:\/\/connectaoeste.com.br\/wp-content\/uploads\/2024\/02\/Calendario-de-pagamento-do-IPVA-2024-2-900x600-1-200x133.png 200w\" sizes=\"auto, (max-width: 900px) 100vw, 900px\" \/><\/figure>\n\n\n\n<p>\u00c9 importante ressaltar que o contribuinte deve estar atento, pois o licenciamento completo engloba outros itens al\u00e9m do IPVA. Para o autom\u00f3vel estar regularizado, \u00e9 necess\u00e1rio quitar tamb\u00e9m d\u00e9bitos do licenciamento anual e multas, se houver. O prazo para ficar em dia com a documenta\u00e7\u00e3o do ve\u00edculo termina na data do vencimento da quinta parcela do imposto. \u201cO Governo do Estado, atrav\u00e9s da Secretaria da Fazenda e do nosso sistema interligado tem trabalhado para proporcionar mais comodidade ao cidad\u00e3o e facilitar o acesso aos servi\u00e7os do estado. Al\u00e9m dessa redu\u00e7\u00e3o dos valores, os propriet\u00e1rios de ve\u00edculos ter\u00e3o a comodidade de pagamento e o retorno desses tributos em obras para a sociedade\u201d, ressaltou o diretor geral do Detran-BA, Rodrigo Pimentel. &nbsp;&nbsp;<\/p>\n\n\n\n<p>Tabela Fipe<\/p>\n\n\n\n<p>A queda m\u00e9dia no valor do IPVA, de acordo com a Sefaz-BA, reflete o momento de estabiliza\u00e7\u00e3o da economia brasileira. Essa redu\u00e7\u00e3o \u00e9 puxada pelos autom\u00f3veis, que tiveram redu\u00e7\u00e3o m\u00e9dia de 4,25%, e pelos utilit\u00e1rios, com recuo de 5,22%.Neste novo ambiente de infla\u00e7\u00e3o sob controle, o processo de deprecia\u00e7\u00e3o para ve\u00edculos usados foi normalizado, ao contr\u00e1rio do que vinha acontecendo nos \u00faltimos anos, quando o mercado apresentou maior volatilidade. \u201cO pa\u00eds vive um novo momento econ\u00f4mico, com uma s\u00e9rie de indicadores positivos, e isto se manifesta tamb\u00e9m no menor custo do IPVA, sobretudo para os propriet\u00e1rios de autom\u00f3veis e utilit\u00e1rios\u201d, afirma o secret\u00e1rio da Fazenda do Estado, Manoel Vit\u00f3rio.\u00a0<\/p>\n\n\n\n<p>Pagamento via pix<\/p>\n\n\n\n<p>A nova facilidade de pagamento via pix foi implementada pela Sefaz-Ba em 2023 e testada com sucesso na implementa\u00e7\u00e3o do DAE (Documento de Arrecada\u00e7\u00e3o Estadual) para Licenciamento Integrado, lan\u00e7ado em novembro no portal Ba.gov.br. O DAE Integrado, que engloba IPVA, Licenciamento e eventuais multas, \u00e9 resultado de parceria da Fazenda Estadual com o Detran e a Secretaria da Administra\u00e7\u00e3o do Estado (SAEB). Em 2024 tamb\u00e9m ser\u00e1 poss\u00edvel pagar o IPVA via pix, desde que o imposto seja quitado \u00e0 vista. O pagamento via pix \u00e0 vista poder\u00e1 ser feito de forma integrada com o Licenciamento e as multas. Outra op\u00e7\u00e3o de pagamento, nestes casos, \u00e9 utilizar os canais das institui\u00e7\u00f5es parceiras da Sefaz-BA: o Banco do Brasil, o Bradesco e o Bancoob.<\/p>\n\n\n\n<p>Parcelamento<\/p>\n\n\n\n<p>Caso a op\u00e7\u00e3o seja por parcelar o imposto, o contribuinte deve se lembrar de que os d\u00e9bitos referentes \u00e0 taxa de licenciamento e a eventuais multas de tr\u00e2nsito dever\u00e3o ser pagos at\u00e9 o prazo final de pagamento em cota \u00fanica ou da quinta parcela do IPVA. O imposto do exerc\u00edcio de 2024 s\u00f3 poder\u00e1 ser parcelado se o valor do d\u00e9bito for igual ou superior a R$120,00. A Sefaz-Ba lembra ainda que a op\u00e7\u00e3o do parcelamento referente a d\u00e9bitos anteriores a 2024 ser\u00e1 admitida apenas caso este pagamento ocorra junto com o do exerc\u00edcio de 2024.<\/p>\n\n\n\n<p><em>Fonte: ( Ascom Detran-BA, com informa\u00e7\u00f5es da Sefaz-BA )<\/em><\/p>\n\n\n\n<figure class=\"wp-block-image size-large\"><img loading=\"lazy\" decoding=\"async\" width=\"1024\" height=\"109\" src=\"http:\/\/connectaoeste.com.br\/wp-content\/uploads\/2023\/11\/cropped-cropped-SITE-ID-001-10-1024x109.png\" alt=\"\" class=\"wp-image-109\" srcset=\"https:\/\/connectaoeste.com.br\/wp-content\/uploads\/2023\/11\/cropped-cropped-SITE-ID-001-10-1024x109.png 1024w, https:\/\/connectaoeste.com.br\/wp-content\/uploads\/2023\/11\/cropped-cropped-SITE-ID-001-10-300x32.png 300w, https:\/\/connectaoeste.com.br\/wp-content\/uploads\/2023\/11\/cropped-cropped-SITE-ID-001-10-768x82.png 768w, https:\/\/connectaoeste.com.br\/wp-content\/uploads\/2023\/11\/cropped-cropped-SITE-ID-001-10-1536x164.png 1536w, https:\/\/connectaoeste.com.br\/wp-content\/uploads\/2023\/11\/cropped-cropped-SITE-ID-001-10-2048x218.png 2048w\" sizes=\"auto, (max-width: 1024px) 100vw, 1024px\" \/><\/figure>\n\n\n\n<p><strong><em>Por CONNECTA OESTE<br>Connectando voc\u00ea a informa\u00e7\u00e3o!<\/em><\/strong><\/p>\n","protected":false},"excerpt":{"rendered":"<p>Foto: Rede Social Propriet\u00e1rios de ve\u00edculos agora podem realizar o pagamento tamb\u00e9m via PIX atrav\u00e9s de qualquer institui\u00e7\u00e3o financeira na cota \u00fanica As boas not\u00edcias para os propriet\u00e1rios de ve\u00edculos, em 2024, passam pela redu\u00e7\u00e3o de valores do IPVA (Imposto sobre a Propriedade de Ve\u00edculos Automotores) , em m\u00e9dia 2,61% menor na Bahia e a [&hellip;]<\/p>\n","protected":false},"author":1,"featured_media":368,"comment_status":"open","ping_status":"open","sticky":false,"template":"","format":"standard","meta":{"footnotes":""},"categories":[7,5],"tags":[15,43,14],"class_list":["post-367","post","type-post","status-publish","format-standard","has-post-thumbnail","hentry","category-bahia","category-noticias","tag-bahia","tag-ipva2024","tag-noticias"],"_links":{"self":[{"href":"https:\/\/connectaoeste.com.br\/index.php\/wp-json\/wp\/v2\/posts\/367","targetHints":{"allow":["GET"]}}],"collection":[{"href":"https:\/\/connectaoeste.com.br\/index.php\/wp-json\/wp\/v2\/posts"}],"about":[{"href":"https:\/\/connectaoeste.com.br\/index.php\/wp-json\/wp\/v2\/types\/post"}],"author":[{"embeddable":true,"href":"https:\/\/connectaoeste.com.br\/index.php\/wp-json\/wp\/v2\/users\/1"}],"replies":[{"embeddable":true,"href":"https:\/\/connectaoeste.com.br\/index.php\/wp-json\/wp\/v2\/comments?post=367"}],"version-history":[{"count":1,"href":"https:\/\/connectaoeste.com.br\/index.php\/wp-json\/wp\/v2\/posts\/367\/revisions"}],"predecessor-version":[{"id":369,"href":"https:\/\/connectaoeste.com.br\/index.php\/wp-json\/wp\/v2\/posts\/367\/revisions\/369"}],"wp:featuredmedia":[{"embeddable":true,"href":"https:\/\/connectaoeste.com.br\/index.php\/wp-json\/wp\/v2\/media\/368"}],"wp:attachment":[{"href":"https:\/\/connectaoeste.com.br\/index.php\/wp-json\/wp\/v2\/media?parent=367"}],"wp:term":[{"taxonomy":"category","embeddable":true,"href":"https:\/\/connectaoeste.com.br\/index.php\/wp-json\/wp\/v2\/categories?post=367"},{"taxonomy":"post_tag","embeddable":true,"href":"https:\/\/connectaoeste.com.br\/index.php\/wp-json\/wp\/v2\/tags?post=367"}],"curies":[{"name":"wp","href":"https:\/\/api.w.org\/{rel}","templated":true}]}}