{"id":377,"date":"2024-02-07T11:25:27","date_gmt":"2024-02-07T14:25:27","guid":{"rendered":"https:\/\/connectaoeste.com.br\/?p=377"},"modified":"2024-02-07T11:25:27","modified_gmt":"2024-02-07T14:25:27","slug":"tcm-reprova-contas-do-prefeito-de-correntina-ba","status":"publish","type":"post","link":"https:\/\/connectaoeste.com.br\/index.php\/2024\/02\/07\/tcm-reprova-contas-do-prefeito-de-correntina-ba\/","title":{"rendered":"TCM: REPROVA CONTAS DO PREFEITO DE CORRENTINA-BA."},"content":{"rendered":"\n<p>O TCM- Tribunal de Contas dos Munic\u00edpios do Estado da Bahia, reprovou nessa ter\u00e7a feira 06 as contas do atual Prefeito de Correntina, Nilson Jos\u00e9 Rodrigues, relativas ao ano 2020. As contas estavam com pedido de vistas pelo Conselheiro Pl\u00ednio Carneiro Filho e de relatoria do ent\u00e3o Conselheiro j\u00e1 aposentado Jos\u00e9 Alfredo Rocha Dias.<\/p>\n\n\n\n<p>As contas foram reprovadas em raz\u00e3o do descumprimento do disposto 42 da RF- Lei de Responsabilidade Fiscal. Embora o munic\u00edpio tenha cumprido o disposto no artigo 212 da CF- Constitui\u00e7\u00e3o Federal, o \u00edndice de Desenvolvimento da Educa\u00e7\u00e3o B\u00e1sica &#8211; IDEB, demonstram que o ensino fundamental do (6\u00ba ao 9\u00ba), se encontra abaixo da meta projetada. <\/p>\n\n\n\n<figure class=\"wp-block-image size-large\"><img loading=\"lazy\" decoding=\"async\" width=\"1024\" height=\"109\" src=\"http:\/\/connectaoeste.com.br\/wp-content\/uploads\/2023\/11\/cropped-cropped-SITE-ID-001-10-1024x109.png\" alt=\"\" class=\"wp-image-109\" srcset=\"https:\/\/connectaoeste.com.br\/wp-content\/uploads\/2023\/11\/cropped-cropped-SITE-ID-001-10-1024x109.png 1024w, https:\/\/connectaoeste.com.br\/wp-content\/uploads\/2023\/11\/cropped-cropped-SITE-ID-001-10-300x32.png 300w, https:\/\/connectaoeste.com.br\/wp-content\/uploads\/2023\/11\/cropped-cropped-SITE-ID-001-10-768x82.png 768w, https:\/\/connectaoeste.com.br\/wp-content\/uploads\/2023\/11\/cropped-cropped-SITE-ID-001-10-1536x164.png 1536w, https:\/\/connectaoeste.com.br\/wp-content\/uploads\/2023\/11\/cropped-cropped-SITE-ID-001-10-2048x218.png 2048w\" sizes=\"auto, (max-width: 1024px) 100vw, 1024px\" \/><\/figure>\n\n\n\n<p>Pela irregularidade, foi determinada a reformula\u00e7\u00e3o de representa\u00e7\u00e3o ao Minist\u00e9rio P\u00fablico Estadual, para que seja apurada a pr\u00e1tica de ato de improbidade administrativa, al\u00e9m de imputa\u00e7\u00e3o de multa no valor de 4 mil reais ao gestor. As contas ser\u00e3o encaminhadas a C\u00e2mara Municipal de Vereadores para aprecia\u00e7\u00e3o e decis\u00e3o final, vale ressaltar que \u00e9 preciso 2\/3 ou seja 9 votos dos Vereadores para reverter a decis\u00e3o do TCM. <\/p>\n\n\n\n<p>A decis\u00e3o cabe recurso. <\/p>\n\n\n\n<p>CONNECTA OESTE <\/p>\n\n\n\n<p>Connectando voc\u00ea a informa\u00e7\u00e3o <\/p>\n\n\n\n<p><\/p>\n","protected":false},"excerpt":{"rendered":"<p>O TCM- Tribunal de Contas dos Munic\u00edpios do Estado da Bahia, reprovou nessa ter\u00e7a feira 06 as contas do atual Prefeito de Correntina, Nilson Jos\u00e9 Rodrigues, relativas ao ano 2020. As contas estavam com pedido de vistas pelo Conselheiro Pl\u00ednio Carneiro Filho e de relatoria do ent\u00e3o Conselheiro j\u00e1 aposentado Jos\u00e9 Alfredo Rocha Dias. As [&hellip;]<\/p>\n","protected":false},"author":1,"featured_media":378,"comment_status":"open","ping_status":"open","sticky":false,"template":"","format":"standard","meta":{"footnotes":""},"categories":[7,5,1],"tags":[30],"class_list":["post-377","post","type-post","status-publish","format-standard","has-post-thumbnail","hentry","category-bahia","category-noticias","category-politica","tag-correntina"],"_links":{"self":[{"href":"https:\/\/connectaoeste.com.br\/index.php\/wp-json\/wp\/v2\/posts\/377","targetHints":{"allow":["GET"]}}],"collection":[{"href":"https:\/\/connectaoeste.com.br\/index.php\/wp-json\/wp\/v2\/posts"}],"about":[{"href":"https:\/\/connectaoeste.com.br\/index.php\/wp-json\/wp\/v2\/types\/post"}],"author":[{"embeddable":true,"href":"https:\/\/connectaoeste.com.br\/index.php\/wp-json\/wp\/v2\/users\/1"}],"replies":[{"embeddable":true,"href":"https:\/\/connectaoeste.com.br\/index.php\/wp-json\/wp\/v2\/comments?post=377"}],"version-history":[{"count":1,"href":"https:\/\/connectaoeste.com.br\/index.php\/wp-json\/wp\/v2\/posts\/377\/revisions"}],"predecessor-version":[{"id":379,"href":"https:\/\/connectaoeste.com.br\/index.php\/wp-json\/wp\/v2\/posts\/377\/revisions\/379"}],"wp:featuredmedia":[{"embeddable":true,"href":"https:\/\/connectaoeste.com.br\/index.php\/wp-json\/wp\/v2\/media\/378"}],"wp:attachment":[{"href":"https:\/\/connectaoeste.com.br\/index.php\/wp-json\/wp\/v2\/media?parent=377"}],"wp:term":[{"taxonomy":"category","embeddable":true,"href":"https:\/\/connectaoeste.com.br\/index.php\/wp-json\/wp\/v2\/categories?post=377"},{"taxonomy":"post_tag","embeddable":true,"href":"https:\/\/connectaoeste.com.br\/index.php\/wp-json\/wp\/v2\/tags?post=377"}],"curies":[{"name":"wp","href":"https:\/\/api.w.org\/{rel}","templated":true}]}}