{"id":381,"date":"2024-02-08T07:33:45","date_gmt":"2024-02-08T10:33:45","guid":{"rendered":"https:\/\/connectaoeste.com.br\/?p=381"},"modified":"2024-02-08T07:44:31","modified_gmt":"2024-02-08T10:44:31","slug":"flamengo-vence-botafogo-no-apagar-das-luzes","status":"publish","type":"post","link":"https:\/\/connectaoeste.com.br\/index.php\/2024\/02\/08\/flamengo-vence-botafogo-no-apagar-das-luzes\/","title":{"rendered":"FLAMENGO VENCE BOTAFOGO NO APAGAR DAS LUZES"},"content":{"rendered":"\n<p><em>Foto: Buda Mendes\/Getty Images \/ Esporte News Mundo<\/em><\/p>\n\n\n\n<p class=\"has-text-align-left has-black-color has-text-color has-link-color wp-elements-2465482f8b64a0712e092535e2bc8ba1\">No cl\u00e1ssico disputado nesta ter\u00e7a-feira 07 pelo campeonato carioca 2024 o Flamengo vence o Botafogo nos minutos finais, o gol foi marcado pelo zagueiro L\u00e9o Pereira.<\/p>\n\n\n\n<figure class=\"wp-block-image size-large is-resized\"><img loading=\"lazy\" decoding=\"async\" width=\"1024\" height=\"231\" src=\"http:\/\/connectaoeste.com.br\/wp-content\/uploads\/2023\/11\/cropped-SITE-ID-001-04-1024x231.png\" alt=\"\" class=\"wp-image-104\" style=\"width:842px;height:auto\" srcset=\"https:\/\/connectaoeste.com.br\/wp-content\/uploads\/2023\/11\/cropped-SITE-ID-001-04-1024x231.png 1024w, https:\/\/connectaoeste.com.br\/wp-content\/uploads\/2023\/11\/cropped-SITE-ID-001-04-300x68.png 300w, https:\/\/connectaoeste.com.br\/wp-content\/uploads\/2023\/11\/cropped-SITE-ID-001-04-768x174.png 768w, https:\/\/connectaoeste.com.br\/wp-content\/uploads\/2023\/11\/cropped-SITE-ID-001-04-1536x347.png 1536w, https:\/\/connectaoeste.com.br\/wp-content\/uploads\/2023\/11\/cropped-SITE-ID-001-04-2048x463.png 2048w\" sizes=\"auto, (max-width: 1024px) 100vw, 1024px\" \/><\/figure>\n\n\n\n<p class=\"has-text-align-left\">Com a vitoria o Flamengo sobe para a segunda coloca\u00e7\u00e3o com 12 pontos, Botafogo vem em seguida na terceira coloca\u00e7\u00e3o com 11 pontos. Flamengo volta a campo no Maracan\u00e3 s\u00e1bado dia 10 as 16 horas contra o Volta Redonda, j\u00e1  o Botafogo enfrenta o mesmo Volta Redonda dia 14 quarta feira as 19 horas no Raulino de Oliveira.<\/p>\n\n\n\n<p class=\"has-text-align-left\">CONNECTA OESTE<\/p>\n\n\n\n<p class=\"has-text-align-left\">Connectando voc\u00ea a informa\u00e7\u00e3o!<\/p>\n","protected":false},"excerpt":{"rendered":"<p>Foto: Buda Mendes\/Getty Images \/ Esporte News Mundo<\/p>\n","protected":false},"author":1,"featured_media":383,"comment_status":"open","ping_status":"open","sticky":false,"template":"","format":"standard","meta":{"footnotes":""},"categories":[8,6],"tags":[],"class_list":["post-381","post","type-post","status-publish","format-standard","has-post-thumbnail","hentry","category-brasil","category-esportes"],"_links":{"self":[{"href":"https:\/\/connectaoeste.com.br\/index.php\/wp-json\/wp\/v2\/posts\/381","targetHints":{"allow":["GET"]}}],"collection":[{"href":"https:\/\/connectaoeste.com.br\/index.php\/wp-json\/wp\/v2\/posts"}],"about":[{"href":"https:\/\/connectaoeste.com.br\/index.php\/wp-json\/wp\/v2\/types\/post"}],"author":[{"embeddable":true,"href":"https:\/\/connectaoeste.com.br\/index.php\/wp-json\/wp\/v2\/users\/1"}],"replies":[{"embeddable":true,"href":"https:\/\/connectaoeste.com.br\/index.php\/wp-json\/wp\/v2\/comments?post=381"}],"version-history":[{"count":5,"href":"https:\/\/connectaoeste.com.br\/index.php\/wp-json\/wp\/v2\/posts\/381\/revisions"}],"predecessor-version":[{"id":391,"href":"https:\/\/connectaoeste.com.br\/index.php\/wp-json\/wp\/v2\/posts\/381\/revisions\/391"}],"wp:featuredmedia":[{"embeddable":true,"href":"https:\/\/connectaoeste.com.br\/index.php\/wp-json\/wp\/v2\/media\/383"}],"wp:attachment":[{"href":"https:\/\/connectaoeste.com.br\/index.php\/wp-json\/wp\/v2\/media?parent=381"}],"wp:term":[{"taxonomy":"category","embeddable":true,"href":"https:\/\/connectaoeste.com.br\/index.php\/wp-json\/wp\/v2\/categories?post=381"},{"taxonomy":"post_tag","embeddable":true,"href":"https:\/\/connectaoeste.com.br\/index.php\/wp-json\/wp\/v2\/tags?post=381"}],"curies":[{"name":"wp","href":"https:\/\/api.w.org\/{rel}","templated":true}]}}