{"id":400,"date":"2024-02-16T00:56:51","date_gmt":"2024-02-16T03:56:51","guid":{"rendered":"https:\/\/connectaoeste.com.br\/?p=400"},"modified":"2024-02-16T01:02:31","modified_gmt":"2024-02-16T04:02:31","slug":"camara-de-vereadores-de-correntina-ba-volta-os-trabalhos-em-2024-insatisfeita-com-executivo-municipal","status":"publish","type":"post","link":"https:\/\/connectaoeste.com.br\/index.php\/2024\/02\/16\/camara-de-vereadores-de-correntina-ba-volta-os-trabalhos-em-2024-insatisfeita-com-executivo-municipal\/","title":{"rendered":"C\u00e2mara de Vereadores de Correntina-BA volta os trabalhos em 2024 insatisfeita com Executivo Municipal"},"content":{"rendered":"\n<p>Os trabalhos das Sess\u00f5es da C\u00e2mara Municipal de Vereadores de Correntina voltaram nessa quinta-feira 15 de Fevereiro ap\u00f3s o recesso, mas n\u00e3o demorou muito para o clima esquentar entre os nobre edis e o governo, isso tudo porque mas uma vez o Poder Executivo ignora as formalidades do seu papel junto a C\u00e2mara. O Excelent\u00edssimo Senhor Prefeito deixou de cumprir seu papel e enviar a C\u00e2mara a mensagem do governo, como prever as legisla\u00e7\u00f5es vigentes do munic\u00edpio em todo inicio dos trabalhos anual, \u00e9 publico e not\u00f3rio a insatisfa\u00e7\u00e3o dos vereadores tanto da base aliada, como da oposi\u00e7\u00e3o ao longo dos anos, reclamando a falta de respeito do Governo.<\/p>\n\n\n\n<figure class=\"wp-block-image size-large\"><img loading=\"lazy\" decoding=\"async\" width=\"1024\" height=\"110\" src=\"http:\/\/connectaoeste.com.br\/wp-content\/uploads\/2023\/11\/cropped-SITE-ID-001-10-1024x110.png\" alt=\"\" class=\"wp-image-107\" srcset=\"https:\/\/connectaoeste.com.br\/wp-content\/uploads\/2023\/11\/cropped-SITE-ID-001-10-1024x110.png 1024w, https:\/\/connectaoeste.com.br\/wp-content\/uploads\/2023\/11\/cropped-SITE-ID-001-10-300x32.png 300w, https:\/\/connectaoeste.com.br\/wp-content\/uploads\/2023\/11\/cropped-SITE-ID-001-10-768x82.png 768w, https:\/\/connectaoeste.com.br\/wp-content\/uploads\/2023\/11\/cropped-SITE-ID-001-10-1536x165.png 1536w, https:\/\/connectaoeste.com.br\/wp-content\/uploads\/2023\/11\/cropped-SITE-ID-001-10-2048x219.png 2048w\" sizes=\"auto, (max-width: 1024px) 100vw, 1024px\" \/><\/figure>\n\n\n\n<p>O que chamou mais aten\u00e7\u00e3o foi o discurso acalorado de alguns vereadores da base, mostrando muita insatisfa\u00e7\u00e3o, no momento os mais cobrados al\u00e9m do Chefe do Executivo, foram o Presidente da C\u00e2mara Neg\u00e3o de Satu e o L\u00edder do Governo Arthur da Bombas, para que os mesmos tomassem providencias junto ao Governo pelo desrespeito com a Casa de Leis.<\/p>\n\n\n\n<p>Estiveram presentes na Reuni\u00e3o inaugural os vereadores, Presidente Neg\u00e3o de Satu, Nelson Carinha, Maradona, Jean da Guarda, Artur da Bombas, Wil,, Milt\u00e3o e Cor\u00e3o do Pov\u00e3o. Na pr\u00f3xima ter\u00e7a-feira 20, acontecer\u00e1 a primeira Sess\u00e3o Ordin\u00e1ria 2024 com clima de muita expectativa, pois o ano \u00e9 de elei\u00e7\u00f5es e os pr\u00f3ximos meses \u00e9 de decis\u00e3o, j\u00e1 que a janela partid\u00e1ria ser\u00e1 no inicio de Abril.<\/p>\n\n\n\n<figure class=\"wp-block-image size-large\"><img loading=\"lazy\" decoding=\"async\" width=\"1024\" height=\"110\" src=\"http:\/\/connectaoeste.com.br\/wp-content\/uploads\/2023\/11\/cropped-SITE-ID-001-10-1024x110.png\" alt=\"\" class=\"wp-image-107\" srcset=\"https:\/\/connectaoeste.com.br\/wp-content\/uploads\/2023\/11\/cropped-SITE-ID-001-10-1024x110.png 1024w, https:\/\/connectaoeste.com.br\/wp-content\/uploads\/2023\/11\/cropped-SITE-ID-001-10-300x32.png 300w, https:\/\/connectaoeste.com.br\/wp-content\/uploads\/2023\/11\/cropped-SITE-ID-001-10-768x82.png 768w, https:\/\/connectaoeste.com.br\/wp-content\/uploads\/2023\/11\/cropped-SITE-ID-001-10-1536x165.png 1536w, https:\/\/connectaoeste.com.br\/wp-content\/uploads\/2023\/11\/cropped-SITE-ID-001-10-2048x219.png 2048w\" sizes=\"auto, (max-width: 1024px) 100vw, 1024px\" \/><\/figure>\n\n\n\n<p><em>CONNECTA OESTE <\/em><\/p>\n\n\n\n<p><em>Connectando voc\u00ea a informa\u00e7\u00e3o!<\/em><\/p>\n","protected":false},"excerpt":{"rendered":"<p>Os trabalhos das Sess\u00f5es da C\u00e2mara Municipal de Vereadores de Correntina voltaram nessa quinta-feira 15 de Fevereiro ap\u00f3s o recesso, mas n\u00e3o demorou muito para o clima esquentar entre os nobre edis e o governo, isso tudo porque mas uma vez o Poder Executivo ignora as formalidades do seu papel junto a C\u00e2mara. O Excelent\u00edssimo [&hellip;]<\/p>\n","protected":false},"author":1,"featured_media":401,"comment_status":"open","ping_status":"open","sticky":false,"template":"","format":"standard","meta":{"footnotes":""},"categories":[7,8,45,1],"tags":[],"class_list":["post-400","post","type-post","status-publish","format-standard","has-post-thumbnail","hentry","category-bahia","category-brasil","category-correntina","category-politica"],"_links":{"self":[{"href":"https:\/\/connectaoeste.com.br\/index.php\/wp-json\/wp\/v2\/posts\/400","targetHints":{"allow":["GET"]}}],"collection":[{"href":"https:\/\/connectaoeste.com.br\/index.php\/wp-json\/wp\/v2\/posts"}],"about":[{"href":"https:\/\/connectaoeste.com.br\/index.php\/wp-json\/wp\/v2\/types\/post"}],"author":[{"embeddable":true,"href":"https:\/\/connectaoeste.com.br\/index.php\/wp-json\/wp\/v2\/users\/1"}],"replies":[{"embeddable":true,"href":"https:\/\/connectaoeste.com.br\/index.php\/wp-json\/wp\/v2\/comments?post=400"}],"version-history":[{"count":2,"href":"https:\/\/connectaoeste.com.br\/index.php\/wp-json\/wp\/v2\/posts\/400\/revisions"}],"predecessor-version":[{"id":404,"href":"https:\/\/connectaoeste.com.br\/index.php\/wp-json\/wp\/v2\/posts\/400\/revisions\/404"}],"wp:featuredmedia":[{"embeddable":true,"href":"https:\/\/connectaoeste.com.br\/index.php\/wp-json\/wp\/v2\/media\/401"}],"wp:attachment":[{"href":"https:\/\/connectaoeste.com.br\/index.php\/wp-json\/wp\/v2\/media?parent=400"}],"wp:term":[{"taxonomy":"category","embeddable":true,"href":"https:\/\/connectaoeste.com.br\/index.php\/wp-json\/wp\/v2\/categories?post=400"},{"taxonomy":"post_tag","embeddable":true,"href":"https:\/\/connectaoeste.com.br\/index.php\/wp-json\/wp\/v2\/tags?post=400"}],"curies":[{"name":"wp","href":"https:\/\/api.w.org\/{rel}","templated":true}]}}