{"id":405,"date":"2024-02-20T21:11:13","date_gmt":"2024-02-21T00:11:13","guid":{"rendered":"https:\/\/connectaoeste.com.br\/?p=405"},"modified":"2024-02-20T21:13:00","modified_gmt":"2024-02-21T00:13:00","slug":"deputados-pedem-impeachment-do-presidente-lula","status":"publish","type":"post","link":"https:\/\/connectaoeste.com.br\/index.php\/2024\/02\/20\/deputados-pedem-impeachment-do-presidente-lula\/","title":{"rendered":"DEPUTADOS PEDEM IMPEACHMENT DO PRESIDENTE LULA"},"content":{"rendered":"\n<p><em>Imagem de circula\u00e7\u00e3o<\/em><\/p>\n\n\n\n<p>A bancada de oposi\u00e7\u00e3o na C\u00e2mara dos Deputados pedem impeachment do Presidente Luiz In\u00e1cio Lula da Silva (PT), j\u00e1 passa de 120 assinaturas, isso devido a declara\u00e7\u00e3o durante uma entrevista realizada na Eti\u00f3pia no ultimo domingo.<\/p>\n\n\n\n<p><strong>&#8220;O que est\u00e1 acontecendo na Faixa de Gaza com o povo palestino n\u00e3o existiu em nenhum outro momento hist\u00f3rico&#8221; <\/strong>disse o Presidente Lula comparando o conflito atual com o Holocausto.<\/p>\n\n\n\n<figure class=\"wp-block-image size-large\"><img loading=\"lazy\" decoding=\"async\" width=\"1024\" height=\"109\" src=\"http:\/\/connectaoeste.com.br\/wp-content\/uploads\/2023\/11\/cropped-cropped-SITE-ID-001-10-1024x109.png\" alt=\"\" class=\"wp-image-109\" srcset=\"https:\/\/connectaoeste.com.br\/wp-content\/uploads\/2023\/11\/cropped-cropped-SITE-ID-001-10-1024x109.png 1024w, https:\/\/connectaoeste.com.br\/wp-content\/uploads\/2023\/11\/cropped-cropped-SITE-ID-001-10-300x32.png 300w, https:\/\/connectaoeste.com.br\/wp-content\/uploads\/2023\/11\/cropped-cropped-SITE-ID-001-10-768x82.png 768w, https:\/\/connectaoeste.com.br\/wp-content\/uploads\/2023\/11\/cropped-cropped-SITE-ID-001-10-1536x164.png 1536w, https:\/\/connectaoeste.com.br\/wp-content\/uploads\/2023\/11\/cropped-cropped-SITE-ID-001-10-2048x218.png 2048w\" sizes=\"auto, (max-width: 1024px) 100vw, 1024px\" \/><\/figure>\n\n\n\n<p>Para os Deputados oposicionista a declara\u00e7\u00e3o do atual Presidente da Rep\u00fablica configura crime de responsabilidade de acordo com artigo 5\u00ba da Constitui\u00e7\u00e3o Federal. A iniciativa \u00e9 encabe\u00e7ada pela  Deputada Federal Carla Zambelli (PL-SP) e depende da aceita\u00e7\u00e3o do Presidente da C\u00e2mara Arthur Lira (PP-AL).<\/p>\n\n\n\n<p>CONNECTA OESTE<\/p>\n\n\n\n<p>Connectando voc\u00ea a informa\u00e7\u00e3o!<\/p>\n","protected":false},"excerpt":{"rendered":"<p>Imagem de circula\u00e7\u00e3o A bancada de oposi\u00e7\u00e3o na C\u00e2mara dos Deputados pedem impeachment do Presidente Luiz In\u00e1cio Lula da Silva (PT), j\u00e1 passa de 120 assinaturas, isso devido a declara\u00e7\u00e3o durante uma entrevista realizada na Eti\u00f3pia no ultimo domingo. &#8220;O que est\u00e1 acontecendo na Faixa de Gaza com o povo palestino n\u00e3o existiu em nenhum [&hellip;]<\/p>\n","protected":false},"author":1,"featured_media":406,"comment_status":"open","ping_status":"open","sticky":false,"template":"","format":"standard","meta":{"footnotes":""},"categories":[8,5,1],"tags":[],"class_list":["post-405","post","type-post","status-publish","format-standard","has-post-thumbnail","hentry","category-brasil","category-noticias","category-politica"],"_links":{"self":[{"href":"https:\/\/connectaoeste.com.br\/index.php\/wp-json\/wp\/v2\/posts\/405","targetHints":{"allow":["GET"]}}],"collection":[{"href":"https:\/\/connectaoeste.com.br\/index.php\/wp-json\/wp\/v2\/posts"}],"about":[{"href":"https:\/\/connectaoeste.com.br\/index.php\/wp-json\/wp\/v2\/types\/post"}],"author":[{"embeddable":true,"href":"https:\/\/connectaoeste.com.br\/index.php\/wp-json\/wp\/v2\/users\/1"}],"replies":[{"embeddable":true,"href":"https:\/\/connectaoeste.com.br\/index.php\/wp-json\/wp\/v2\/comments?post=405"}],"version-history":[{"count":2,"href":"https:\/\/connectaoeste.com.br\/index.php\/wp-json\/wp\/v2\/posts\/405\/revisions"}],"predecessor-version":[{"id":408,"href":"https:\/\/connectaoeste.com.br\/index.php\/wp-json\/wp\/v2\/posts\/405\/revisions\/408"}],"wp:featuredmedia":[{"embeddable":true,"href":"https:\/\/connectaoeste.com.br\/index.php\/wp-json\/wp\/v2\/media\/406"}],"wp:attachment":[{"href":"https:\/\/connectaoeste.com.br\/index.php\/wp-json\/wp\/v2\/media?parent=405"}],"wp:term":[{"taxonomy":"category","embeddable":true,"href":"https:\/\/connectaoeste.com.br\/index.php\/wp-json\/wp\/v2\/categories?post=405"},{"taxonomy":"post_tag","embeddable":true,"href":"https:\/\/connectaoeste.com.br\/index.php\/wp-json\/wp\/v2\/tags?post=405"}],"curies":[{"name":"wp","href":"https:\/\/api.w.org\/{rel}","templated":true}]}}