{"id":409,"date":"2024-02-21T16:03:55","date_gmt":"2024-02-21T19:03:55","guid":{"rendered":"https:\/\/connectaoeste.com.br\/?p=409"},"modified":"2024-02-21T16:06:34","modified_gmt":"2024-02-21T19:06:34","slug":"tempo-chuvoso-em-correntina-bahia","status":"publish","type":"post","link":"https:\/\/connectaoeste.com.br\/index.php\/2024\/02\/21\/tempo-chuvoso-em-correntina-bahia\/","title":{"rendered":"TEMPO CHUVOSO EM CORRENTINA-BAHIA"},"content":{"rendered":"\n<p><em>Imagem gr\u00e1fico Clima Tempo<\/em><\/p>\n\n\n\n<p>Depois de enfartar um longo per\u00edodo de seca, Correntina-BA, munic\u00edpio do Oeste Baiano vive clima chuvoso nos \u00faltimos dias, de acordo a ag\u00eancia Clima Tempo s\u00f3 hoje quarta-feira ser\u00e1 ao todo 50 mm de chuvas, com m\u00ednima se 21\u00b0 e m\u00e1xima de 27\u00ba. A previs\u00e3o \u00e9 de mais chuvas nos pr\u00f3ximos dias, isso deixa os pequenos e grandes pecuaristas e agricultores muito entusiasmados. <\/p>\n\n\n\n<figure class=\"wp-block-image size-large\"><img loading=\"lazy\" decoding=\"async\" width=\"1024\" height=\"110\" src=\"http:\/\/connectaoeste.com.br\/wp-content\/uploads\/2023\/11\/cropped-SITE-ID-001-10-1024x110.png\" alt=\"\" class=\"wp-image-107\" srcset=\"https:\/\/connectaoeste.com.br\/wp-content\/uploads\/2023\/11\/cropped-SITE-ID-001-10-1024x110.png 1024w, https:\/\/connectaoeste.com.br\/wp-content\/uploads\/2023\/11\/cropped-SITE-ID-001-10-300x32.png 300w, https:\/\/connectaoeste.com.br\/wp-content\/uploads\/2023\/11\/cropped-SITE-ID-001-10-768x82.png 768w, https:\/\/connectaoeste.com.br\/wp-content\/uploads\/2023\/11\/cropped-SITE-ID-001-10-1536x165.png 1536w, https:\/\/connectaoeste.com.br\/wp-content\/uploads\/2023\/11\/cropped-SITE-ID-001-10-2048x219.png 2048w\" sizes=\"auto, (max-width: 1024px) 100vw, 1024px\" \/><\/figure>\n\n\n\n<p>No final de 2023 Correntina sofreu bastante com a seca e grandes preju\u00edzos aconteceram devido a falta das chuvas, n\u00e3o foi diferente em todas as Cidades do Oeste da Bahia que tamb\u00e9m foram penalizadas pela estiagem, entre os maiores preju\u00edzos o que mais impactou foi na cria\u00e7\u00e3o de bovinos. <\/p>\n\n\n\n<p>CONNECTA OESTE<\/p>\n\n\n\n<p>Connectando voc\u00ea a informa\u00e7\u00e3o!<\/p>\n","protected":false},"excerpt":{"rendered":"<p>Imagem gr\u00e1fico Clima Tempo Depois de enfartar um longo per\u00edodo de seca, Correntina-BA, munic\u00edpio do Oeste Baiano vive clima chuvoso nos \u00faltimos dias, de acordo a ag\u00eancia Clima Tempo s\u00f3 hoje quarta-feira ser\u00e1 ao todo 50 mm de chuvas, com m\u00ednima se 21\u00b0 e m\u00e1xima de 27\u00ba. A previs\u00e3o \u00e9 de mais chuvas nos pr\u00f3ximos [&hellip;]<\/p>\n","protected":false},"author":1,"featured_media":410,"comment_status":"open","ping_status":"open","sticky":false,"template":"","format":"standard","meta":{"footnotes":""},"categories":[7,8,45,5],"tags":[],"class_list":["post-409","post","type-post","status-publish","format-standard","has-post-thumbnail","hentry","category-bahia","category-brasil","category-correntina","category-noticias"],"_links":{"self":[{"href":"https:\/\/connectaoeste.com.br\/index.php\/wp-json\/wp\/v2\/posts\/409","targetHints":{"allow":["GET"]}}],"collection":[{"href":"https:\/\/connectaoeste.com.br\/index.php\/wp-json\/wp\/v2\/posts"}],"about":[{"href":"https:\/\/connectaoeste.com.br\/index.php\/wp-json\/wp\/v2\/types\/post"}],"author":[{"embeddable":true,"href":"https:\/\/connectaoeste.com.br\/index.php\/wp-json\/wp\/v2\/users\/1"}],"replies":[{"embeddable":true,"href":"https:\/\/connectaoeste.com.br\/index.php\/wp-json\/wp\/v2\/comments?post=409"}],"version-history":[{"count":2,"href":"https:\/\/connectaoeste.com.br\/index.php\/wp-json\/wp\/v2\/posts\/409\/revisions"}],"predecessor-version":[{"id":412,"href":"https:\/\/connectaoeste.com.br\/index.php\/wp-json\/wp\/v2\/posts\/409\/revisions\/412"}],"wp:featuredmedia":[{"embeddable":true,"href":"https:\/\/connectaoeste.com.br\/index.php\/wp-json\/wp\/v2\/media\/410"}],"wp:attachment":[{"href":"https:\/\/connectaoeste.com.br\/index.php\/wp-json\/wp\/v2\/media?parent=409"}],"wp:term":[{"taxonomy":"category","embeddable":true,"href":"https:\/\/connectaoeste.com.br\/index.php\/wp-json\/wp\/v2\/categories?post=409"},{"taxonomy":"post_tag","embeddable":true,"href":"https:\/\/connectaoeste.com.br\/index.php\/wp-json\/wp\/v2\/tags?post=409"}],"curies":[{"name":"wp","href":"https:\/\/api.w.org\/{rel}","templated":true}]}}