{"id":414,"date":"2024-02-27T21:01:59","date_gmt":"2024-02-28T00:01:59","guid":{"rendered":"https:\/\/connectaoeste.com.br\/?p=414"},"modified":"2024-02-29T14:39:50","modified_gmt":"2024-02-29T17:39:50","slug":"junior-maraba-inaugura-escola-claudio-rogerio-em-luis-eduardo-magalhaes","status":"publish","type":"post","link":"https:\/\/connectaoeste.com.br\/index.php\/2024\/02\/27\/junior-maraba-inaugura-escola-claudio-rogerio-em-luis-eduardo-magalhaes\/","title":{"rendered":"Junior Marab\u00e1 inaugura Escola Claudio Rog\u00e9rio em Lu\u00eds Eduardo Magalh\u00e3es"},"content":{"rendered":"\n<figure class=\"wp-block-image size-large is-resized\"><img loading=\"lazy\" decoding=\"async\" width=\"1024\" height=\"682\" src=\"https:\/\/connectaoeste.com.br\/wp-content\/uploads\/2024\/02\/image-2-1024x682.png\" alt=\"\" class=\"wp-image-416\" style=\"width:839px;height:auto\" srcset=\"https:\/\/connectaoeste.com.br\/wp-content\/uploads\/2024\/02\/image-2-1024x682.png 1024w, https:\/\/connectaoeste.com.br\/wp-content\/uploads\/2024\/02\/image-2-300x200.png 300w, https:\/\/connectaoeste.com.br\/wp-content\/uploads\/2024\/02\/image-2-768x512.png 768w, https:\/\/connectaoeste.com.br\/wp-content\/uploads\/2024\/02\/image-2-200x133.png 200w, https:\/\/connectaoeste.com.br\/wp-content\/uploads\/2024\/02\/image-2.png 1280w\" sizes=\"auto, (max-width: 1024px) 100vw, 1024px\" \/><\/figure>\n\n\n\n<p>O prefeito Junior Marab\u00e1 inaugurou na manh\u00e3 desta segunda-feira (26), a Escola Municipal Cl\u00e1udio Rog\u00e9rio Almeida Silva. A cerim\u00f4nia contou com a presen\u00e7a de familiares do homenageado e de autoridades do munic\u00edpio.<\/p>\n\n\n\n<p>A unidade, que representa a expans\u00e3o da Educa\u00e7\u00e3o&nbsp;na cidade, conta com oito salas de aula e vai atender 334 alunos dos anos iniciais (1\u00b0 e 2\u00b0 ano), de 06 a 07 anos de idade.<\/p>\n\n\n\n<p>A cria\u00e7\u00e3o da Escola foi publicada no di\u00e1rio oficial do munic\u00edpio no dia 20 de fevereiro, em homenagem ao empres\u00e1rio Cl\u00e1udio Rog\u00e9rio Almeida Silva. A vi\u00fava V\u00e2nia Vilasa, falou emocionada sobre a import\u00e2ncia do reconhecimento.<\/p>\n\n\n\n<figure class=\"wp-block-image size-large\"><img loading=\"lazy\" decoding=\"async\" width=\"1024\" height=\"682\" src=\"https:\/\/connectaoeste.com.br\/wp-content\/uploads\/2024\/02\/image-1-1024x682.png\" alt=\"\" class=\"wp-image-415\" srcset=\"https:\/\/connectaoeste.com.br\/wp-content\/uploads\/2024\/02\/image-1-1024x682.png 1024w, https:\/\/connectaoeste.com.br\/wp-content\/uploads\/2024\/02\/image-1-300x200.png 300w, https:\/\/connectaoeste.com.br\/wp-content\/uploads\/2024\/02\/image-1-768x512.png 768w, https:\/\/connectaoeste.com.br\/wp-content\/uploads\/2024\/02\/image-1-200x133.png 200w, https:\/\/connectaoeste.com.br\/wp-content\/uploads\/2024\/02\/image-1.png 1280w\" sizes=\"auto, (max-width: 1024px) 100vw, 1024px\" \/><\/figure>\n\n\n\n<p><em><strong>O prefeito Junior Marab\u00e1 ao centro, com a vi\u00fava de Cl\u00e1udio Rog\u00e9rio, V\u00e2nia Vilasa e o filho Heitor.<\/strong><\/em><\/p>\n\n\n\n<p>&#8220;Eu acho que al\u00e9m de toda contribui\u00e7\u00e3o que Rog\u00e9rio deu para a cidade como empres\u00e1rio e servidor p\u00fablico, a sua principal caracter\u00edstica era sempre querer ajudar todo mundo. E a saudade \u00e9 di\u00e1ria, mas s\u00f3 de saber que o nome dele vai se perpetuar, principalmente em um projeto como esse, eu fico muito feliz&#8221;, contou.<\/p>\n\n\n\n<p>O prefeito Junior Marab\u00e1, amigo pessoal de Cl\u00e1udio Rog\u00e9rio, mais conhecido como Rogerinho da Farm\u00e1cia, falou da bondade do homenageado.<\/p>\n\n\n\n<p>&#8220;Rogerinho tinha essa bondade, essa caracter\u00edstica de pegar os problemas dos outros pra si. Ele realmente n\u00e3o media esfor\u00e7os e o tempo em que esteve aqui na terra foi para dar amor, carinho, e hoje o seu nome est\u00e1 eternizado nessa escola maravilhosa&#8221;, disse.<\/p>\n\n\n\n<figure class=\"wp-block-image size-large\"><img loading=\"lazy\" decoding=\"async\" width=\"1024\" height=\"109\" src=\"http:\/\/connectaoeste.com.br\/wp-content\/uploads\/2023\/11\/cropped-cropped-SITE-ID-001-10-1024x109.png\" alt=\"\" class=\"wp-image-109\" srcset=\"https:\/\/connectaoeste.com.br\/wp-content\/uploads\/2023\/11\/cropped-cropped-SITE-ID-001-10-1024x109.png 1024w, https:\/\/connectaoeste.com.br\/wp-content\/uploads\/2023\/11\/cropped-cropped-SITE-ID-001-10-300x32.png 300w, https:\/\/connectaoeste.com.br\/wp-content\/uploads\/2023\/11\/cropped-cropped-SITE-ID-001-10-768x82.png 768w, https:\/\/connectaoeste.com.br\/wp-content\/uploads\/2023\/11\/cropped-cropped-SITE-ID-001-10-1536x164.png 1536w, https:\/\/connectaoeste.com.br\/wp-content\/uploads\/2023\/11\/cropped-cropped-SITE-ID-001-10-2048x218.png 2048w\" sizes=\"auto, (max-width: 1024px) 100vw, 1024px\" \/><\/figure>\n\n\n\n<p>O prefeito tamb\u00e9m parabenizou e agradeceu toda a equipe gestora da escola, em nome da diretora Rose Marilac. &#8220;Voc\u00eas est\u00e3o no dia a dia da Educa\u00e7\u00e3o, fazendo a diferen\u00e7a, colocando em pr\u00e1tica o que a gente idealiza. O meu muito obrigado&#8221;, concluiu.<\/p>\n\n\n\n<p>Fonte(ASCOM Prefeitura LEM)<\/p>\n\n\n\n<p>CONNECTA OESTE<\/p>\n\n\n\n<p>Connectando voc\u00ea a informa\u00e7\u00e3o!<\/p>\n","protected":false},"excerpt":{"rendered":"<p>O prefeito Junior Marab\u00e1 inaugurou na manh\u00e3 desta segunda-feira (26), a Escola Municipal Cl\u00e1udio Rog\u00e9rio Almeida Silva. A cerim\u00f4nia contou com a presen\u00e7a de familiares do homenageado e de autoridades do munic\u00edpio. A unidade, que representa a expans\u00e3o da Educa\u00e7\u00e3o&nbsp;na cidade, conta com oito salas de aula e vai atender 334 alunos dos anos iniciais [&hellip;]<\/p>\n","protected":false},"author":1,"featured_media":416,"comment_status":"open","ping_status":"open","sticky":false,"template":"","format":"standard","meta":{"footnotes":""},"categories":[7,46,5],"tags":[15,18,14],"class_list":["post-414","post","type-post","status-publish","format-standard","has-post-thumbnail","hentry","category-bahia","category-lem","category-noticias","tag-bahia","tag-lem","tag-noticias"],"_links":{"self":[{"href":"https:\/\/connectaoeste.com.br\/index.php\/wp-json\/wp\/v2\/posts\/414","targetHints":{"allow":["GET"]}}],"collection":[{"href":"https:\/\/connectaoeste.com.br\/index.php\/wp-json\/wp\/v2\/posts"}],"about":[{"href":"https:\/\/connectaoeste.com.br\/index.php\/wp-json\/wp\/v2\/types\/post"}],"author":[{"embeddable":true,"href":"https:\/\/connectaoeste.com.br\/index.php\/wp-json\/wp\/v2\/users\/1"}],"replies":[{"embeddable":true,"href":"https:\/\/connectaoeste.com.br\/index.php\/wp-json\/wp\/v2\/comments?post=414"}],"version-history":[{"count":1,"href":"https:\/\/connectaoeste.com.br\/index.php\/wp-json\/wp\/v2\/posts\/414\/revisions"}],"predecessor-version":[{"id":417,"href":"https:\/\/connectaoeste.com.br\/index.php\/wp-json\/wp\/v2\/posts\/414\/revisions\/417"}],"wp:featuredmedia":[{"embeddable":true,"href":"https:\/\/connectaoeste.com.br\/index.php\/wp-json\/wp\/v2\/media\/416"}],"wp:attachment":[{"href":"https:\/\/connectaoeste.com.br\/index.php\/wp-json\/wp\/v2\/media?parent=414"}],"wp:term":[{"taxonomy":"category","embeddable":true,"href":"https:\/\/connectaoeste.com.br\/index.php\/wp-json\/wp\/v2\/categories?post=414"},{"taxonomy":"post_tag","embeddable":true,"href":"https:\/\/connectaoeste.com.br\/index.php\/wp-json\/wp\/v2\/tags?post=414"}],"curies":[{"name":"wp","href":"https:\/\/api.w.org\/{rel}","templated":true}]}}