{"id":418,"date":"2024-02-27T23:06:42","date_gmt":"2024-02-28T02:06:42","guid":{"rendered":"https:\/\/connectaoeste.com.br\/?p=418"},"modified":"2024-02-29T14:42:46","modified_gmt":"2024-02-29T17:42:46","slug":"articulacoes-politica-esquenta-para-eleicoes-2024-em-correntina","status":"publish","type":"post","link":"https:\/\/connectaoeste.com.br\/index.php\/2024\/02\/27\/articulacoes-politica-esquenta-para-eleicoes-2024-em-correntina\/","title":{"rendered":"ARTICULA\u00c7\u00d5ES POLITICA ESQUENTA PARA ELEIC\u00d5ES 2024 EM CORRENTINA"},"content":{"rendered":"\n<figure class=\"wp-block-image size-large\"><img loading=\"lazy\" decoding=\"async\" width=\"768\" height=\"1024\" src=\"https:\/\/connectaoeste.com.br\/wp-content\/uploads\/2024\/02\/image-3-768x1024.png\" alt=\"\" class=\"wp-image-419\" srcset=\"https:\/\/connectaoeste.com.br\/wp-content\/uploads\/2024\/02\/image-3-768x1024.png 768w, https:\/\/connectaoeste.com.br\/wp-content\/uploads\/2024\/02\/image-3-225x300.png 225w, https:\/\/connectaoeste.com.br\/wp-content\/uploads\/2024\/02\/image-3-1152x1536.png 1152w, https:\/\/connectaoeste.com.br\/wp-content\/uploads\/2024\/02\/image-3-200x267.png 200w, https:\/\/connectaoeste.com.br\/wp-content\/uploads\/2024\/02\/image-3-1024x1365.png 1024w, https:\/\/connectaoeste.com.br\/wp-content\/uploads\/2024\/02\/image-3.png 1200w\" sizes=\"auto, (max-width: 768px) 100vw, 768px\" \/><\/figure>\n\n\n\n<p>            <strong> <em>Valter Mariano, prefeito J\u00fanior Marab\u00e1 e vereador Jean da Guarda<\/em><\/strong><\/p>\n\n\n\n<p>Correntina munic\u00edpio do Oeste Baiano vive clima de expectativas para elei\u00e7\u00f5es 2024, nos bastidores grandes articula\u00e7\u00f5es est\u00e3o acontecendo, principalmente porque no inicio de Abril acaba o prazo para filia\u00e7\u00f5es para quem deseja concorrer as elei\u00e7\u00f5es municipais. Nesta segunda-feira 26, aconteceu um encontro que mexeram com as &#8220;fofocas&#8221; politica em Correntina.<\/p>\n\n\n\n<p>De acordo informa\u00e7\u00f5es buscadas pelo CONNECTA OESTE, o prefeito J\u00fanior busca fazer alian\u00e7a no munic\u00edpio de Correntina, entre o atual vereador Jean da Guarda e o pr\u00e9-candidato ao cargo de prefeito nas elei\u00e7\u00f5es 2024, Valter Mariano. j\u00fanior Marab\u00e1 \u00e9 aliado e amigo pessoal do jovem vereador Jean da Guarda, que segundo informa\u00e7\u00f5es assumir\u00e1 nos pr\u00f3ximos dias pela segunda vez o comando do PP- Partido Progressista em Correntina com aval do prefeito de LEM, no momento o vereador est\u00e1 no Partido PODEMOS, ele \u00e9 o l\u00edder da sigla na C\u00e2mara. <\/p>\n\n\n\n<figure class=\"wp-block-image size-large is-resized\"><img loading=\"lazy\" decoding=\"async\" width=\"1024\" height=\"232\" src=\"http:\/\/connectaoeste.com.br\/wp-content\/uploads\/2023\/11\/SITE-ID-001-04-1-1024x232.png\" alt=\"\" class=\"wp-image-120\" style=\"width:839px;height:auto\" srcset=\"https:\/\/connectaoeste.com.br\/wp-content\/uploads\/2023\/11\/SITE-ID-001-04-1-1024x232.png 1024w, https:\/\/connectaoeste.com.br\/wp-content\/uploads\/2023\/11\/SITE-ID-001-04-1-300x68.png 300w, https:\/\/connectaoeste.com.br\/wp-content\/uploads\/2023\/11\/SITE-ID-001-04-1-768x174.png 768w, https:\/\/connectaoeste.com.br\/wp-content\/uploads\/2023\/11\/SITE-ID-001-04-1-1536x348.png 1536w, https:\/\/connectaoeste.com.br\/wp-content\/uploads\/2023\/11\/SITE-ID-001-04-1-2048x464.png 2048w\" sizes=\"auto, (max-width: 1024px) 100vw, 1024px\" \/><\/figure>\n\n\n\n<p>O vereador Jean \u00e9 tido como umas das pe\u00e7as chaves para disputa eleitoral 2024, desde que saiu da base do atual governo no final de 2022 ele se mant\u00e9m neutro politicamente e ainda n\u00e3o se declarou publicamente quem ir\u00e1 apoiar e que cargo ele ir\u00e1 disputar nas elei\u00e7\u00f5es 2024.<\/p>\n\n\n\n<p>Para o grupo da oposi\u00e7\u00e3o \u00e9 tido como certa a alian\u00e7a entre o vereador Jean e o pr\u00e9-candidato Valter Mariano, que ver como um apoio fort\u00edssimo e fundamental para sua pr\u00e9 campanha.<\/p>\n\n\n\n<p>O CONNECTA OESTE teve a informa\u00e7\u00e3o de que Jean da Guarda anunciar\u00e1 nos pr\u00f3ximos dias sua posi\u00e7\u00e3o politica para 2024, algo muito esperado no meio politico no munic\u00edpio.<\/p>\n\n\n\n<p>CONNECTA OESTE<\/p>\n\n\n\n<p>Connectando voc\u00ea a informa\u00e7\u00e3o!<\/p>\n","protected":false},"excerpt":{"rendered":"<p>Valter Mariano, prefeito J\u00fanior Marab\u00e1 e vereador Jean da Guarda Correntina munic\u00edpio do Oeste Baiano vive clima de expectativas para elei\u00e7\u00f5es 2024, nos bastidores grandes articula\u00e7\u00f5es est\u00e3o acontecendo, principalmente porque no inicio de Abril acaba o prazo para filia\u00e7\u00f5es para quem deseja concorrer as elei\u00e7\u00f5es municipais. Nesta segunda-feira 26, aconteceu um encontro que mexeram com [&hellip;]<\/p>\n","protected":false},"author":1,"featured_media":419,"comment_status":"open","ping_status":"open","sticky":false,"template":"","format":"standard","meta":{"footnotes":""},"categories":[7,45,46,1],"tags":[],"class_list":["post-418","post","type-post","status-publish","format-standard","has-post-thumbnail","hentry","category-bahia","category-correntina","category-lem","category-politica"],"_links":{"self":[{"href":"https:\/\/connectaoeste.com.br\/index.php\/wp-json\/wp\/v2\/posts\/418","targetHints":{"allow":["GET"]}}],"collection":[{"href":"https:\/\/connectaoeste.com.br\/index.php\/wp-json\/wp\/v2\/posts"}],"about":[{"href":"https:\/\/connectaoeste.com.br\/index.php\/wp-json\/wp\/v2\/types\/post"}],"author":[{"embeddable":true,"href":"https:\/\/connectaoeste.com.br\/index.php\/wp-json\/wp\/v2\/users\/1"}],"replies":[{"embeddable":true,"href":"https:\/\/connectaoeste.com.br\/index.php\/wp-json\/wp\/v2\/comments?post=418"}],"version-history":[{"count":2,"href":"https:\/\/connectaoeste.com.br\/index.php\/wp-json\/wp\/v2\/posts\/418\/revisions"}],"predecessor-version":[{"id":422,"href":"https:\/\/connectaoeste.com.br\/index.php\/wp-json\/wp\/v2\/posts\/418\/revisions\/422"}],"wp:featuredmedia":[{"embeddable":true,"href":"https:\/\/connectaoeste.com.br\/index.php\/wp-json\/wp\/v2\/media\/419"}],"wp:attachment":[{"href":"https:\/\/connectaoeste.com.br\/index.php\/wp-json\/wp\/v2\/media?parent=418"}],"wp:term":[{"taxonomy":"category","embeddable":true,"href":"https:\/\/connectaoeste.com.br\/index.php\/wp-json\/wp\/v2\/categories?post=418"},{"taxonomy":"post_tag","embeddable":true,"href":"https:\/\/connectaoeste.com.br\/index.php\/wp-json\/wp\/v2\/tags?post=418"}],"curies":[{"name":"wp","href":"https:\/\/api.w.org\/{rel}","templated":true}]}}