{"id":423,"date":"2024-02-29T08:43:09","date_gmt":"2024-02-29T11:43:09","guid":{"rendered":"https:\/\/connectaoeste.com.br\/?p=423"},"modified":"2024-02-29T14:45:03","modified_gmt":"2024-02-29T17:45:03","slug":"junior-maraba-comemora-inauguracao-de-1a-escola-municipal-de-gestao-compartilhada-com-a-pm","status":"publish","type":"post","link":"https:\/\/connectaoeste.com.br\/index.php\/2024\/02\/29\/junior-maraba-comemora-inauguracao-de-1a-escola-municipal-de-gestao-compartilhada-com-a-pm\/","title":{"rendered":"Junior Marab\u00e1 comemora inaugura\u00e7\u00e3o de 1\u00aa Escola Municipal de gest\u00e3o compartilhada com a PM"},"content":{"rendered":"\n<figure class=\"wp-block-image size-large\"><img loading=\"lazy\" decoding=\"async\" width=\"1024\" height=\"682\" src=\"https:\/\/connectaoeste.com.br\/wp-content\/uploads\/2024\/02\/image-4-1024x682.png\" alt=\"\" class=\"wp-image-424\" srcset=\"https:\/\/connectaoeste.com.br\/wp-content\/uploads\/2024\/02\/image-4-1024x682.png 1024w, https:\/\/connectaoeste.com.br\/wp-content\/uploads\/2024\/02\/image-4-300x200.png 300w, https:\/\/connectaoeste.com.br\/wp-content\/uploads\/2024\/02\/image-4-768x512.png 768w, https:\/\/connectaoeste.com.br\/wp-content\/uploads\/2024\/02\/image-4-200x133.png 200w, https:\/\/connectaoeste.com.br\/wp-content\/uploads\/2024\/02\/image-4.png 1280w\" sizes=\"auto, (max-width: 1024px) 100vw, 1024px\" \/><\/figure>\n\n\n\n<p>&#8220;Essa ser\u00e1 a primeira de muitas, e com certeza ser\u00e1 exemplo para todo o Oeste da Bahia&#8221;, declarou o prefeito Junior Marab\u00e1, durante a inaugura\u00e7\u00e3o do novo modelo de gest\u00e3o compartilhada com a Pol\u00edcia Militar, na Escola Municipal C\u00edvico-Militar Onero Costa da Rosa, no bairro Santa Cruz, em Lu\u00eds Eduardo Magalh\u00e3es, nesta quarta-feira (28).<\/p>\n\n\n\n<p>A unidade, que atende estudantes do 6\u00b0 ao 9\u00b0 ano, de 11 a 14 anos de idade, j\u00e1 conta com 1003 alunos matriculados. A estrutura f\u00edsica da Escola passou por uma grande reforma e amplia\u00e7\u00e3o, para receber os novos alunos.<\/p>\n\n\n\n<p>M\u00e1rcia mora em Bras\u00edlia e viajou mais de 500 km s\u00f3 para prestigiar a inaugura\u00e7\u00e3o da Escola em que sua filha vai concluir o 9\u00b0 ano. &#8220;Eu estou muito feliz\u200b, e tenho certeza de que a minha filha vai aproveitar muito&#8221;, disse. A jovem Whinny concorda que a disciplina ser\u00e1 fundamental para a melhoria do dia a dia da Escola. &#8220;Eu j\u00e1 presenciei situa\u00e7\u00f5es de ofensas, bullying, e acredito que com esse novo modelo tudo isso possa mudar&#8221;, disse.<\/p>\n\n\n\n<figure class=\"wp-block-image size-large\"><img loading=\"lazy\" decoding=\"async\" width=\"1024\" height=\"682\" src=\"https:\/\/connectaoeste.com.br\/wp-content\/uploads\/2024\/02\/image-5-1024x682.png\" alt=\"\" class=\"wp-image-425\" srcset=\"https:\/\/connectaoeste.com.br\/wp-content\/uploads\/2024\/02\/image-5-1024x682.png 1024w, https:\/\/connectaoeste.com.br\/wp-content\/uploads\/2024\/02\/image-5-300x200.png 300w, https:\/\/connectaoeste.com.br\/wp-content\/uploads\/2024\/02\/image-5-768x512.png 768w, https:\/\/connectaoeste.com.br\/wp-content\/uploads\/2024\/02\/image-5-200x133.png 200w, https:\/\/connectaoeste.com.br\/wp-content\/uploads\/2024\/02\/image-5.png 1280w\" sizes=\"auto, (max-width: 1024px) 100vw, 1024px\" \/><\/figure>\n\n\n\n<p>De acordo com o diretor disciplinar da Escola, 1\u00b0 Tenente PM Jos\u00e9 Rog\u00e9rio Leite, a disciplina aplicada vai refletir na vida do aluno, para al\u00e9m dos muros da escola. &#8220;O que n\u00f3s vamos ensinar aqui, reflete na vida do estudante para al\u00e9m da sala de aula. Ele se torna um filho melhor, um cidad\u00e3o melhor, respeitando os colegas, pais, professores e com notas melhores tamb\u00e9m&#8221;.<\/p>\n\n\n\n<p>O diretor pedag\u00f3gico da Escola Onero Costa da Rosa, Reidson Bastos, agradeceu aos pais, alunos, equipe pedag\u00f3gica e aos novos colegas militares que agora fazem parte da Escola. &#8220;Eu agrade\u00e7o muito a todos voc\u00eas e sei que juntos iremos fazer uma escola de excel\u00eancia para Lu\u00eds Eduardo Magalh\u00e3es&#8221;.<\/p>\n\n\n\n<figure class=\"wp-block-image size-large\"><img loading=\"lazy\" decoding=\"async\" width=\"1024\" height=\"231\" src=\"http:\/\/connectaoeste.com.br\/wp-content\/uploads\/2023\/11\/cropped-SITE-ID-001-04-1024x231.png\" alt=\"\" class=\"wp-image-104\" srcset=\"https:\/\/connectaoeste.com.br\/wp-content\/uploads\/2023\/11\/cropped-SITE-ID-001-04-1024x231.png 1024w, https:\/\/connectaoeste.com.br\/wp-content\/uploads\/2023\/11\/cropped-SITE-ID-001-04-300x68.png 300w, https:\/\/connectaoeste.com.br\/wp-content\/uploads\/2023\/11\/cropped-SITE-ID-001-04-768x174.png 768w, https:\/\/connectaoeste.com.br\/wp-content\/uploads\/2023\/11\/cropped-SITE-ID-001-04-1536x347.png 1536w, https:\/\/connectaoeste.com.br\/wp-content\/uploads\/2023\/11\/cropped-SITE-ID-001-04-2048x463.png 2048w\" sizes=\"auto, (max-width: 1024px) 100vw, 1024px\" \/><\/figure>\n\n\n\n<p>O prefeito Junior Marab\u00e1 homenageou o Major Pedro Paulo, ex-comandante da 85\u00ba CIPM, parceiro do munic\u00edpio na implanta\u00e7\u00e3o do novo modelo de gest\u00e3o compartilhada. O militar morreu em um acidente de carro no in\u00edcio de fevereiro deste ano. &#8220;Ficam os nossos agradecimentos e a nossa homenagem ao saudoso Major Pedro Paulo e sua esposa. Tamb\u00e9m agradecemos ao Comandante Geral da PM\u200bBA, Coronel Coutinho, que nos recebeu muito bem em Salvador para a assinatura do termo de coopera\u00e7\u00e3o&#8221;, finalizou.<\/p>\n\n\n\n<p>(ASCOM Prefeitura LEM)<\/p>\n\n\n\n<p>CONNECTA OESTE<\/p>\n\n\n\n<p>Connectando voc\u00ea a informa\u00e7\u00e3o!<\/p>\n","protected":false},"excerpt":{"rendered":"<p>&#8220;Essa ser\u00e1 a primeira de muitas, e com certeza ser\u00e1 exemplo para todo o Oeste da Bahia&#8221;, declarou o prefeito Junior Marab\u00e1, durante a inaugura\u00e7\u00e3o do novo modelo de gest\u00e3o compartilhada com a Pol\u00edcia Militar, na Escola Municipal C\u00edvico-Militar Onero Costa da Rosa, no bairro Santa Cruz, em Lu\u00eds Eduardo Magalh\u00e3es, nesta quarta-feira (28). A [&hellip;]<\/p>\n","protected":false},"author":1,"featured_media":424,"comment_status":"open","ping_status":"open","sticky":false,"template":"","format":"standard","meta":{"footnotes":""},"categories":[7,46,5,1],"tags":[],"class_list":["post-423","post","type-post","status-publish","format-standard","has-post-thumbnail","hentry","category-bahia","category-lem","category-noticias","category-politica"],"_links":{"self":[{"href":"https:\/\/connectaoeste.com.br\/index.php\/wp-json\/wp\/v2\/posts\/423","targetHints":{"allow":["GET"]}}],"collection":[{"href":"https:\/\/connectaoeste.com.br\/index.php\/wp-json\/wp\/v2\/posts"}],"about":[{"href":"https:\/\/connectaoeste.com.br\/index.php\/wp-json\/wp\/v2\/types\/post"}],"author":[{"embeddable":true,"href":"https:\/\/connectaoeste.com.br\/index.php\/wp-json\/wp\/v2\/users\/1"}],"replies":[{"embeddable":true,"href":"https:\/\/connectaoeste.com.br\/index.php\/wp-json\/wp\/v2\/comments?post=423"}],"version-history":[{"count":1,"href":"https:\/\/connectaoeste.com.br\/index.php\/wp-json\/wp\/v2\/posts\/423\/revisions"}],"predecessor-version":[{"id":426,"href":"https:\/\/connectaoeste.com.br\/index.php\/wp-json\/wp\/v2\/posts\/423\/revisions\/426"}],"wp:featuredmedia":[{"embeddable":true,"href":"https:\/\/connectaoeste.com.br\/index.php\/wp-json\/wp\/v2\/media\/424"}],"wp:attachment":[{"href":"https:\/\/connectaoeste.com.br\/index.php\/wp-json\/wp\/v2\/media?parent=423"}],"wp:term":[{"taxonomy":"category","embeddable":true,"href":"https:\/\/connectaoeste.com.br\/index.php\/wp-json\/wp\/v2\/categories?post=423"},{"taxonomy":"post_tag","embeddable":true,"href":"https:\/\/connectaoeste.com.br\/index.php\/wp-json\/wp\/v2\/tags?post=423"}],"curies":[{"name":"wp","href":"https:\/\/api.w.org\/{rel}","templated":true}]}}