{"id":435,"date":"2024-03-01T00:23:51","date_gmt":"2024-03-01T03:23:51","guid":{"rendered":"https:\/\/connectaoeste.com.br\/?p=435"},"modified":"2024-03-01T00:23:52","modified_gmt":"2024-03-01T03:23:52","slug":"concurso-publico-em-correntina-pode-ser-cancelado","status":"publish","type":"post","link":"https:\/\/connectaoeste.com.br\/index.php\/2024\/03\/01\/concurso-publico-em-correntina-pode-ser-cancelado\/","title":{"rendered":"Concurso p\u00fablico em Correntina pode ser cancelado"},"content":{"rendered":"\n<p>Nesta quinta-feira 28, por volta das 18 horas, o Minist\u00e9rio P\u00fablico emitiu parecer em favor da liminar pleiteada  sobre a A\u00e7\u00e3o Civil P\u00fablica movida em desfavor do concurso p\u00fablico em tr\u00e2mite na Cidade de Correntina-BA. De acordo informa\u00e7\u00f5es no parecer do MP o edital do concurso esta cheio de erros graves, o que levou a ser movido a A\u00e7\u00e3o Civil P\u00fablica para a impugna\u00e7\u00e3o do concurso. O processo esta concluso na  Vara C\u00edvel de Correntina e espera o despacho da Ju\u00edza titular da Comarca, se deferido o pedido liminar ou n\u00e3o, ainda caber\u00e1 recurso no 2\u00ba grau.<\/p>\n\n\n\n<figure class=\"wp-block-image size-large\"><img loading=\"lazy\" decoding=\"async\" width=\"1024\" height=\"110\" src=\"http:\/\/connectaoeste.com.br\/wp-content\/uploads\/2023\/11\/cropped-SITE-ID-001-10-1024x110.png\" alt=\"\" class=\"wp-image-107\" srcset=\"https:\/\/connectaoeste.com.br\/wp-content\/uploads\/2023\/11\/cropped-SITE-ID-001-10-1024x110.png 1024w, https:\/\/connectaoeste.com.br\/wp-content\/uploads\/2023\/11\/cropped-SITE-ID-001-10-300x32.png 300w, https:\/\/connectaoeste.com.br\/wp-content\/uploads\/2023\/11\/cropped-SITE-ID-001-10-768x82.png 768w, https:\/\/connectaoeste.com.br\/wp-content\/uploads\/2023\/11\/cropped-SITE-ID-001-10-1536x165.png 1536w, https:\/\/connectaoeste.com.br\/wp-content\/uploads\/2023\/11\/cropped-SITE-ID-001-10-2048x219.png 2048w\" sizes=\"auto, (max-width: 1024px) 100vw, 1024px\" \/><\/figure>\n\n\n\n<p>A noticia do parecer do MP favor\u00e1vel a impugna\u00e7\u00e3o do concurso p\u00fablico deixou os candidatos apreensivos, houve um turbilh\u00e3o de criticas nas redes sociais sobre a atual administra\u00e7\u00e3o, que respondeu em nota nas suas redes sociais oficial, <em><strong>&#8221; que foi pega de surpresa por uma a\u00e7\u00e3o ajuizada pelo um morador de Lu\u00eds Eduardo Magalh\u00e3es e que acredita na legalidade e na justi\u00e7a &#8220;<\/strong><\/em> em tom de desacordo com o parecer do Minist\u00e9rio P\u00fablico. <\/p>\n\n\n\n<p>CONNECTA OESTE<\/p>\n\n\n\n<p>Connectando voc\u00ea a informa\u00e7\u00e3o!<\/p>\n","protected":false},"excerpt":{"rendered":"<p>Nesta quinta-feira 28, por volta das 18 horas, o Minist\u00e9rio P\u00fablico emitiu parecer em favor da liminar pleiteada sobre a A\u00e7\u00e3o Civil P\u00fablica movida em desfavor do concurso p\u00fablico em tr\u00e2mite na Cidade de Correntina-BA. De acordo informa\u00e7\u00f5es no parecer do MP o edital do concurso esta cheio de erros graves, o que levou a [&hellip;]<\/p>\n","protected":false},"author":1,"featured_media":250,"comment_status":"open","ping_status":"open","sticky":false,"template":"","format":"standard","meta":{"footnotes":""},"categories":[7,45,5],"tags":[],"class_list":["post-435","post","type-post","status-publish","format-standard","has-post-thumbnail","hentry","category-bahia","category-correntina","category-noticias"],"_links":{"self":[{"href":"https:\/\/connectaoeste.com.br\/index.php\/wp-json\/wp\/v2\/posts\/435","targetHints":{"allow":["GET"]}}],"collection":[{"href":"https:\/\/connectaoeste.com.br\/index.php\/wp-json\/wp\/v2\/posts"}],"about":[{"href":"https:\/\/connectaoeste.com.br\/index.php\/wp-json\/wp\/v2\/types\/post"}],"author":[{"embeddable":true,"href":"https:\/\/connectaoeste.com.br\/index.php\/wp-json\/wp\/v2\/users\/1"}],"replies":[{"embeddable":true,"href":"https:\/\/connectaoeste.com.br\/index.php\/wp-json\/wp\/v2\/comments?post=435"}],"version-history":[{"count":1,"href":"https:\/\/connectaoeste.com.br\/index.php\/wp-json\/wp\/v2\/posts\/435\/revisions"}],"predecessor-version":[{"id":436,"href":"https:\/\/connectaoeste.com.br\/index.php\/wp-json\/wp\/v2\/posts\/435\/revisions\/436"}],"wp:featuredmedia":[{"embeddable":true,"href":"https:\/\/connectaoeste.com.br\/index.php\/wp-json\/wp\/v2\/media\/250"}],"wp:attachment":[{"href":"https:\/\/connectaoeste.com.br\/index.php\/wp-json\/wp\/v2\/media?parent=435"}],"wp:term":[{"taxonomy":"category","embeddable":true,"href":"https:\/\/connectaoeste.com.br\/index.php\/wp-json\/wp\/v2\/categories?post=435"},{"taxonomy":"post_tag","embeddable":true,"href":"https:\/\/connectaoeste.com.br\/index.php\/wp-json\/wp\/v2\/tags?post=435"}],"curies":[{"name":"wp","href":"https:\/\/api.w.org\/{rel}","templated":true}]}}