{"id":438,"date":"2024-03-02T00:23:25","date_gmt":"2024-03-02T03:23:25","guid":{"rendered":"https:\/\/connectaoeste.com.br\/?p=438"},"modified":"2024-03-02T00:23:25","modified_gmt":"2024-03-02T03:23:25","slug":"concurso-publico-da-prefeitura-municipal-de-correntina-foi-suspenso","status":"publish","type":"post","link":"https:\/\/connectaoeste.com.br\/index.php\/2024\/03\/02\/concurso-publico-da-prefeitura-municipal-de-correntina-foi-suspenso\/","title":{"rendered":"CONCURSO P\u00daBLICO DA PREFEITURA MUNICIPAL DE CORRENTINA FOI SUSPENSO"},"content":{"rendered":"\n<p>Concurso p\u00fablico que seria realizado nesse domingo 03 de Mar\u00e7o com mais de 400 vagas foi suspenso parcialmente pela Justi\u00e7a, em despacho nesta sexta-feira 01, concedendo a tutela antecipada parcialmente, a  Ilustr\u00edssima Senhora Ju\u00edza Bruna Souza de Oliveira, suspendeu as provas para t\u00e9cnico de enfermagem, enfermeiro (a), agronomia, engenharia e arquitetura.<\/p>\n\n\n\n<figure class=\"wp-block-image size-large\"><img loading=\"lazy\" decoding=\"async\" width=\"1024\" height=\"110\" src=\"http:\/\/connectaoeste.com.br\/wp-content\/uploads\/2023\/11\/cropped-SITE-ID-001-10-1024x110.png\" alt=\"\" class=\"wp-image-107\" srcset=\"https:\/\/connectaoeste.com.br\/wp-content\/uploads\/2023\/11\/cropped-SITE-ID-001-10-1024x110.png 1024w, https:\/\/connectaoeste.com.br\/wp-content\/uploads\/2023\/11\/cropped-SITE-ID-001-10-300x32.png 300w, https:\/\/connectaoeste.com.br\/wp-content\/uploads\/2023\/11\/cropped-SITE-ID-001-10-768x82.png 768w, https:\/\/connectaoeste.com.br\/wp-content\/uploads\/2023\/11\/cropped-SITE-ID-001-10-1536x165.png 1536w, https:\/\/connectaoeste.com.br\/wp-content\/uploads\/2023\/11\/cropped-SITE-ID-001-10-2048x219.png 2048w\" sizes=\"auto, (max-width: 1024px) 100vw, 1024px\" \/><\/figure>\n\n\n\n<p>A Prefeitura Municipal atrav\u00e9s das suas redes sociais, informou que toda realiza\u00e7\u00e3o de provas que seriam realizadas no pr\u00f3ximo domingo est\u00e3o suspensas, nova data ser\u00e1 marcar\u00e1 para realiza\u00e7\u00e3o do certame.<\/p>\n\n\n\n<p>CONNECTA OESTE<br>Connectando voc\u00ea a informa\u00e7\u00e3o!<\/p>\n","protected":false},"excerpt":{"rendered":"<p>Concurso p\u00fablico que seria realizado nesse domingo 03 de Mar\u00e7o com mais de 400 vagas foi suspenso parcialmente pela Justi\u00e7a, em despacho nesta sexta-feira 01, concedendo a tutela antecipada parcialmente, a Ilustr\u00edssima Senhora Ju\u00edza Bruna Souza de Oliveira, suspendeu as provas para t\u00e9cnico de enfermagem, enfermeiro (a), agronomia, engenharia e arquitetura. A Prefeitura Municipal atrav\u00e9s [&hellip;]<\/p>\n","protected":false},"author":1,"featured_media":250,"comment_status":"open","ping_status":"open","sticky":false,"template":"","format":"standard","meta":{"footnotes":""},"categories":[7,45,5],"tags":[],"class_list":["post-438","post","type-post","status-publish","format-standard","has-post-thumbnail","hentry","category-bahia","category-correntina","category-noticias"],"_links":{"self":[{"href":"https:\/\/connectaoeste.com.br\/index.php\/wp-json\/wp\/v2\/posts\/438","targetHints":{"allow":["GET"]}}],"collection":[{"href":"https:\/\/connectaoeste.com.br\/index.php\/wp-json\/wp\/v2\/posts"}],"about":[{"href":"https:\/\/connectaoeste.com.br\/index.php\/wp-json\/wp\/v2\/types\/post"}],"author":[{"embeddable":true,"href":"https:\/\/connectaoeste.com.br\/index.php\/wp-json\/wp\/v2\/users\/1"}],"replies":[{"embeddable":true,"href":"https:\/\/connectaoeste.com.br\/index.php\/wp-json\/wp\/v2\/comments?post=438"}],"version-history":[{"count":1,"href":"https:\/\/connectaoeste.com.br\/index.php\/wp-json\/wp\/v2\/posts\/438\/revisions"}],"predecessor-version":[{"id":439,"href":"https:\/\/connectaoeste.com.br\/index.php\/wp-json\/wp\/v2\/posts\/438\/revisions\/439"}],"wp:featuredmedia":[{"embeddable":true,"href":"https:\/\/connectaoeste.com.br\/index.php\/wp-json\/wp\/v2\/media\/250"}],"wp:attachment":[{"href":"https:\/\/connectaoeste.com.br\/index.php\/wp-json\/wp\/v2\/media?parent=438"}],"wp:term":[{"taxonomy":"category","embeddable":true,"href":"https:\/\/connectaoeste.com.br\/index.php\/wp-json\/wp\/v2\/categories?post=438"},{"taxonomy":"post_tag","embeddable":true,"href":"https:\/\/connectaoeste.com.br\/index.php\/wp-json\/wp\/v2\/tags?post=438"}],"curies":[{"name":"wp","href":"https:\/\/api.w.org\/{rel}","templated":true}]}}