{"id":440,"date":"2024-03-08T00:20:23","date_gmt":"2024-03-08T03:20:23","guid":{"rendered":"https:\/\/connectaoeste.com.br\/?p=440"},"modified":"2024-03-08T00:22:23","modified_gmt":"2024-03-08T03:22:23","slug":"agro-rosario-2024","status":"publish","type":"post","link":"https:\/\/connectaoeste.com.br\/index.php\/2024\/03\/08\/agro-rosario-2024\/","title":{"rendered":"AGRO ROS\u00c1RIO 2024"},"content":{"rendered":"\n<p><em><strong>Imagem de divulga\u00e7\u00e3o Agro Ros\u00e1rio 2024<\/strong><\/em><\/p>\n\n\n\n<p>Nesta quinta-feira dia 07 se Mar\u00e7o teve inicio a Agro Ros\u00e1rio 2024, com objetivo de levar informa\u00e7\u00e3o e avan\u00e7os tecnol\u00f3gicos aos profissionais da cadeira produtiva da regi\u00e3o do Oeste da Bahia, al\u00e9m disso a Agro Ros\u00e1rio  oferece uma excelente oportunidade de neg\u00f3cio aos produtores e empres\u00e1rios do setor agr\u00edcola.<\/p>\n\n\n\n<p>A abertura da desse grande evento teve a participa\u00e7\u00e3o de varias autoridades regionais e estaduais, como a Secret\u00e1ria de Desenvolvimento Urbano do Estado da Bahia, Jusmari Oliveira,  deputados, prefeitos e vereadores.<\/p>\n\n\n\n<p>O grande anuncio foi o lan\u00e7amento da primeira biorefinaria para fabrica\u00e7\u00e3o de etanol no Estado da Bahia, que ser\u00e1 implantada no munic\u00edpio de Jaborandi-BA, que ir\u00e1 gerar renda e desenvolvimento para Regi\u00e3o Oeste, o investimento ser\u00e1 de mais de 900 milh\u00f5es de reias.<\/p>\n\n\n\n<figure class=\"wp-block-gallery has-nested-images columns-default is-cropped wp-block-gallery-1 is-layout-flex wp-block-gallery-is-layout-flex\">\n<figure class=\"wp-block-image size-large\"><img loading=\"lazy\" decoding=\"async\" width=\"1024\" height=\"110\" data-id=\"107\" src=\"https:\/\/connectaoeste.com.br\/wp-content\/uploads\/2023\/11\/cropped-SITE-ID-001-10-1024x110.png\" alt=\"\" class=\"wp-image-107\" srcset=\"https:\/\/connectaoeste.com.br\/wp-content\/uploads\/2023\/11\/cropped-SITE-ID-001-10-1024x110.png 1024w, https:\/\/connectaoeste.com.br\/wp-content\/uploads\/2023\/11\/cropped-SITE-ID-001-10-300x32.png 300w, https:\/\/connectaoeste.com.br\/wp-content\/uploads\/2023\/11\/cropped-SITE-ID-001-10-768x82.png 768w, https:\/\/connectaoeste.com.br\/wp-content\/uploads\/2023\/11\/cropped-SITE-ID-001-10-1536x165.png 1536w, https:\/\/connectaoeste.com.br\/wp-content\/uploads\/2023\/11\/cropped-SITE-ID-001-10-2048x219.png 2048w\" sizes=\"auto, (max-width: 1024px) 100vw, 1024px\" \/><\/figure>\n<\/figure>\n\n\n\n<p>A Agro Ros\u00e1rio continua nessa sexta-feira, com encerramento s\u00e1bado dia 09, lembrando que esse grande evento teve inicio em 2013, sempre realizada na J&amp;H SEMENTES no Distrito Ros\u00e1rio, munic\u00edpio de Correntina-BA.<\/p>\n\n\n\n<p>CONNECTA OESTE<\/p>\n\n\n\n<p>Connectando voc\u00ea a informa\u00e7\u00e3o!<\/p>\n","protected":false},"excerpt":{"rendered":"<p>Imagem de divulga\u00e7\u00e3o Agro Ros\u00e1rio 2024 Nesta quinta-feira dia 07 se Mar\u00e7o teve inicio a Agro Ros\u00e1rio 2024, com objetivo de levar informa\u00e7\u00e3o e avan\u00e7os tecnol\u00f3gicos aos profissionais da cadeira produtiva da regi\u00e3o do Oeste da Bahia, al\u00e9m disso a Agro Ros\u00e1rio oferece uma excelente oportunidade de neg\u00f3cio aos produtores e empres\u00e1rios do setor agr\u00edcola. [&hellip;]<\/p>\n","protected":false},"author":1,"featured_media":441,"comment_status":"open","ping_status":"open","sticky":false,"template":"","format":"standard","meta":{"footnotes":""},"categories":[7,45,5],"tags":[],"class_list":["post-440","post","type-post","status-publish","format-standard","has-post-thumbnail","hentry","category-bahia","category-correntina","category-noticias"],"_links":{"self":[{"href":"https:\/\/connectaoeste.com.br\/index.php\/wp-json\/wp\/v2\/posts\/440","targetHints":{"allow":["GET"]}}],"collection":[{"href":"https:\/\/connectaoeste.com.br\/index.php\/wp-json\/wp\/v2\/posts"}],"about":[{"href":"https:\/\/connectaoeste.com.br\/index.php\/wp-json\/wp\/v2\/types\/post"}],"author":[{"embeddable":true,"href":"https:\/\/connectaoeste.com.br\/index.php\/wp-json\/wp\/v2\/users\/1"}],"replies":[{"embeddable":true,"href":"https:\/\/connectaoeste.com.br\/index.php\/wp-json\/wp\/v2\/comments?post=440"}],"version-history":[{"count":2,"href":"https:\/\/connectaoeste.com.br\/index.php\/wp-json\/wp\/v2\/posts\/440\/revisions"}],"predecessor-version":[{"id":444,"href":"https:\/\/connectaoeste.com.br\/index.php\/wp-json\/wp\/v2\/posts\/440\/revisions\/444"}],"wp:featuredmedia":[{"embeddable":true,"href":"https:\/\/connectaoeste.com.br\/index.php\/wp-json\/wp\/v2\/media\/441"}],"wp:attachment":[{"href":"https:\/\/connectaoeste.com.br\/index.php\/wp-json\/wp\/v2\/media?parent=440"}],"wp:term":[{"taxonomy":"category","embeddable":true,"href":"https:\/\/connectaoeste.com.br\/index.php\/wp-json\/wp\/v2\/categories?post=440"},{"taxonomy":"post_tag","embeddable":true,"href":"https:\/\/connectaoeste.com.br\/index.php\/wp-json\/wp\/v2\/tags?post=440"}],"curies":[{"name":"wp","href":"https:\/\/api.w.org\/{rel}","templated":true}]}}