{"id":446,"date":"2024-03-15T00:40:46","date_gmt":"2024-03-15T03:40:46","guid":{"rendered":"https:\/\/connectaoeste.com.br\/?p=446"},"modified":"2024-03-15T00:45:09","modified_gmt":"2024-03-15T03:45:09","slug":"cenario-politico-em-correntina-comeca-toma-forma-para-2024","status":"publish","type":"post","link":"https:\/\/connectaoeste.com.br\/index.php\/2024\/03\/15\/cenario-politico-em-correntina-comeca-toma-forma-para-2024\/","title":{"rendered":"CEN\u00c1RIO POLITICO EM CORRENTINA COME\u00c7A TOMA FORMA PARA 2024"},"content":{"rendered":"\n<p>As ades\u00f5es est\u00e3o a todo vapor e os grupos pol\u00edticos come\u00e7am a tomar forma em Correntina-BA, isso porque o ultimo prazo para filia\u00e7\u00f5es para quem pretende ser candidato \u00e9 at\u00e9 o dia 06 de Abril. Como j\u00e1 publicado aqui em outra mat\u00e9ria, nossa opini\u00e3o \u00e9 que em 2024 apenas dois grupos pol\u00edticos disputar\u00e3o as elei\u00e7\u00f5es municipais em Correntina, por um lado o grupo do atual prefeito Nilson Jos\u00e9 Rodrigues (Maguila), por outro lado o grupo do empres\u00e1rio Valter Mariano. At\u00e9 o momento praticamente s\u00f3 o time de Mariano vem ganhando refor\u00e7o de peso, foram v\u00e1rios que aderiram seu grupo e a expectativa que mais pol\u00edticos fortes anunciar\u00e3o seu apoio a Mariano nos pr\u00f3ximos dias. A expectativa que o Vereador Maradona fa\u00e7a seu anuncio nessa sexta feira 15, ele fez convite as lideran\u00e7as e amigos para lan\u00e7amento da sua pr\u00e9 campanha, que acontecer\u00e1 as 18 horas na sua resid\u00eancia .<\/p>\n\n\n\n<p><\/p>\n\n\n\n<figure class=\"wp-block-image size-large\"><img loading=\"lazy\" decoding=\"async\" width=\"850\" height=\"1024\" src=\"http:\/\/connectaoeste.com.br\/wp-content\/uploads\/2024\/03\/image-850x1024.png\" alt=\"\" class=\"wp-image-447\" srcset=\"https:\/\/connectaoeste.com.br\/wp-content\/uploads\/2024\/03\/image-850x1024.png 850w, https:\/\/connectaoeste.com.br\/wp-content\/uploads\/2024\/03\/image-249x300.png 249w, https:\/\/connectaoeste.com.br\/wp-content\/uploads\/2024\/03\/image-768x925.png 768w, https:\/\/connectaoeste.com.br\/wp-content\/uploads\/2024\/03\/image-200x241.png 200w, https:\/\/connectaoeste.com.br\/wp-content\/uploads\/2024\/03\/image-1024x1233.png 1024w, https:\/\/connectaoeste.com.br\/wp-content\/uploads\/2024\/03\/image.png 1063w\" sizes=\"auto, (max-width: 850px) 100vw, 850px\" \/><\/figure>\n\n\n\n<p>Coso se concretize a sa\u00edda do Vereador Maradona da base do governo se torna uma perca muito grande, pois al\u00e9m de perder seu apoio politico nas pr\u00f3ximas  elei\u00e7\u00f5es, o governo perde tamb\u00e9m a voz e habilidade de um vereador muito atuante na C\u00e2mara.  Mais acontecimentos da politica da Regi\u00e3o Oeste da Bahia, voc\u00ea acompanha aqui no Connecta Oeste.<\/p>\n\n\n\n<p>CONNECTA OESTE<\/p>\n\n\n\n<p>Connectando voc\u00ea a informa\u00e7\u00e3o!<\/p>\n","protected":false},"excerpt":{"rendered":"<p>As ades\u00f5es est\u00e3o a todo vapor e os grupos pol\u00edticos come\u00e7am a tomar forma em Correntina-BA, isso porque o ultimo prazo para filia\u00e7\u00f5es para quem pretende ser candidato \u00e9 at\u00e9 o dia 06 de Abril. Como j\u00e1 publicado aqui em outra mat\u00e9ria, nossa opini\u00e3o \u00e9 que em 2024 apenas dois grupos pol\u00edticos disputar\u00e3o as elei\u00e7\u00f5es [&hellip;]<\/p>\n","protected":false},"author":1,"featured_media":251,"comment_status":"open","ping_status":"open","sticky":false,"template":"","format":"standard","meta":{"footnotes":""},"categories":[7,45,1],"tags":[],"class_list":["post-446","post","type-post","status-publish","format-standard","has-post-thumbnail","hentry","category-bahia","category-correntina","category-politica"],"_links":{"self":[{"href":"https:\/\/connectaoeste.com.br\/index.php\/wp-json\/wp\/v2\/posts\/446","targetHints":{"allow":["GET"]}}],"collection":[{"href":"https:\/\/connectaoeste.com.br\/index.php\/wp-json\/wp\/v2\/posts"}],"about":[{"href":"https:\/\/connectaoeste.com.br\/index.php\/wp-json\/wp\/v2\/types\/post"}],"author":[{"embeddable":true,"href":"https:\/\/connectaoeste.com.br\/index.php\/wp-json\/wp\/v2\/users\/1"}],"replies":[{"embeddable":true,"href":"https:\/\/connectaoeste.com.br\/index.php\/wp-json\/wp\/v2\/comments?post=446"}],"version-history":[{"count":2,"href":"https:\/\/connectaoeste.com.br\/index.php\/wp-json\/wp\/v2\/posts\/446\/revisions"}],"predecessor-version":[{"id":450,"href":"https:\/\/connectaoeste.com.br\/index.php\/wp-json\/wp\/v2\/posts\/446\/revisions\/450"}],"wp:featuredmedia":[{"embeddable":true,"href":"https:\/\/connectaoeste.com.br\/index.php\/wp-json\/wp\/v2\/media\/251"}],"wp:attachment":[{"href":"https:\/\/connectaoeste.com.br\/index.php\/wp-json\/wp\/v2\/media?parent=446"}],"wp:term":[{"taxonomy":"category","embeddable":true,"href":"https:\/\/connectaoeste.com.br\/index.php\/wp-json\/wp\/v2\/categories?post=446"},{"taxonomy":"post_tag","embeddable":true,"href":"https:\/\/connectaoeste.com.br\/index.php\/wp-json\/wp\/v2\/tags?post=446"}],"curies":[{"name":"wp","href":"https:\/\/api.w.org\/{rel}","templated":true}]}}