{"id":452,"date":"2024-03-20T09:56:02","date_gmt":"2024-03-20T12:56:02","guid":{"rendered":"https:\/\/connectaoeste.com.br\/?p=452"},"modified":"2024-03-20T09:58:49","modified_gmt":"2024-03-20T12:58:49","slug":"presidente-da-camara-declara-apoio-ao-candidato-de-oposicao-mariano-correntina","status":"publish","type":"post","link":"https:\/\/connectaoeste.com.br\/index.php\/2024\/03\/20\/presidente-da-camara-declara-apoio-ao-candidato-de-oposicao-mariano-correntina\/","title":{"rendered":"PRESIDENTE DA C\u00c2MARA DECLARA APOIO AO CANDIDATO DE OPOSI\u00c7\u00c3O MARIANO CORRENTINA"},"content":{"rendered":"\n<p><\/p>\n\n\n\n<p>O Presidente da C\u00e2mara Municipal de Vereadores de Correntina-BA Neg\u00e3o de Satu declara apoio ao pr\u00e9 candidato a prefeito Mariano. Jenivaldo Pereira dos Santos mais conhecido como Neg\u00e3o de Satu \u00e9 o atual Presidente da Casa Legislativa, ele foi eleito no final de 2022 por alguns Vereadores de Situa\u00e7\u00e3o e tamb\u00e9m de oposi\u00e7\u00e3o, Neg\u00e3o de Satu \u00e9 considerado uma pe\u00e7a fundamental para as elei\u00e7\u00f5es municipais deste ano. Mariano diz receber o apoio com grande entusiasmo e v\u00ea sua for\u00e7a aumentar para sua elei\u00e7\u00e3o. <\/p>\n\n\n\n<p>A expectativa que mais vereadores tomam posi\u00e7\u00f5es nos pr\u00f3ximos dias e uma das mais aguardadas \u00e9 o posicionamento oficial do Vereador Jean da Guarda, que vem fazendo papel de oposi\u00e7\u00e3o na C\u00e2mara, nas \u00faltimas sess\u00f5es ele prometeu declarar seu posicionamento pol\u00edtico para as elei\u00e7\u00f5es municipais nos pr\u00f3ximos dias, mas at\u00e9 o momento n\u00e3o aconteceu.<\/p>\n\n\n\n<figure class=\"wp-block-gallery has-nested-images columns-default is-cropped wp-block-gallery-1 is-layout-flex wp-block-gallery-is-layout-flex\"><\/figure>\n\n\n\n<p>Outra expectativa \u00e9 o posicionamento dos atuais vereadores na C\u00e2mara, com o abandono de alguns vereadores do grupo da base governista o governo fica extremamente enfraquecido, pelas as contas ser\u00e1 dif\u00edcil a vida do governo na C\u00e2mara.<\/p>\n\n\n\n<p>CONNECTA OESTE<\/p>\n\n\n\n<p>Connectando voc\u00ea a informa\u00e7\u00e3o!<\/p>\n","protected":false},"excerpt":{"rendered":"<p>O Presidente da C\u00e2mara Municipal de Vereadores de Correntina-BA Neg\u00e3o de Satu declara apoio ao pr\u00e9 candidato a prefeito Mariano. Jenivaldo Pereira dos Santos mais conhecido como Neg\u00e3o de Satu \u00e9 o atual Presidente da Casa Legislativa, ele foi eleito no final de 2022 por alguns Vereadores de Situa\u00e7\u00e3o e tamb\u00e9m de oposi\u00e7\u00e3o, Neg\u00e3o de [&hellip;]<\/p>\n","protected":false},"author":1,"featured_media":455,"comment_status":"open","ping_status":"open","sticky":false,"template":"","format":"standard","meta":{"footnotes":""},"categories":[7,45,1],"tags":[],"class_list":["post-452","post","type-post","status-publish","format-standard","has-post-thumbnail","hentry","category-bahia","category-correntina","category-politica"],"_links":{"self":[{"href":"https:\/\/connectaoeste.com.br\/index.php\/wp-json\/wp\/v2\/posts\/452","targetHints":{"allow":["GET"]}}],"collection":[{"href":"https:\/\/connectaoeste.com.br\/index.php\/wp-json\/wp\/v2\/posts"}],"about":[{"href":"https:\/\/connectaoeste.com.br\/index.php\/wp-json\/wp\/v2\/types\/post"}],"author":[{"embeddable":true,"href":"https:\/\/connectaoeste.com.br\/index.php\/wp-json\/wp\/v2\/users\/1"}],"replies":[{"embeddable":true,"href":"https:\/\/connectaoeste.com.br\/index.php\/wp-json\/wp\/v2\/comments?post=452"}],"version-history":[{"count":1,"href":"https:\/\/connectaoeste.com.br\/index.php\/wp-json\/wp\/v2\/posts\/452\/revisions"}],"predecessor-version":[{"id":454,"href":"https:\/\/connectaoeste.com.br\/index.php\/wp-json\/wp\/v2\/posts\/452\/revisions\/454"}],"wp:featuredmedia":[{"embeddable":true,"href":"https:\/\/connectaoeste.com.br\/index.php\/wp-json\/wp\/v2\/media\/455"}],"wp:attachment":[{"href":"https:\/\/connectaoeste.com.br\/index.php\/wp-json\/wp\/v2\/media?parent=452"}],"wp:term":[{"taxonomy":"category","embeddable":true,"href":"https:\/\/connectaoeste.com.br\/index.php\/wp-json\/wp\/v2\/categories?post=452"},{"taxonomy":"post_tag","embeddable":true,"href":"https:\/\/connectaoeste.com.br\/index.php\/wp-json\/wp\/v2\/tags?post=452"}],"curies":[{"name":"wp","href":"https:\/\/api.w.org\/{rel}","templated":true}]}}