{"id":457,"date":"2024-03-20T10:03:24","date_gmt":"2024-03-20T13:03:24","guid":{"rendered":"https:\/\/connectaoeste.com.br\/?p=457"},"modified":"2024-03-20T10:03:24","modified_gmt":"2024-03-20T13:03:24","slug":"prefeito-junior-maraba-vistoria-retomada-das-obras-de-urbanizacao-no-municipio","status":"publish","type":"post","link":"https:\/\/connectaoeste.com.br\/index.php\/2024\/03\/20\/prefeito-junior-maraba-vistoria-retomada-das-obras-de-urbanizacao-no-municipio\/","title":{"rendered":"Prefeito Junior Marab\u00e1 vistoria retomada das obras de urbaniza\u00e7\u00e3o no munic\u00edpio"},"content":{"rendered":"\n<p><\/p>\n\n\n\n<p>Com a estiagem programas foram retomados e novos projetos autorizados<\/p>\n\n\n\n<p>O prefeito de Lu\u00eds Eduardo Magalh\u00e3es, Junior Marab\u00e1, vistoriou a retomada das obras de urbaniza\u00e7\u00e3o no munic\u00edpio, o que foi poss\u00edvel gra\u00e7as \u00e0 estiagem. Acompanhado do secret\u00e1rio de Infraestrutura, Franklin Willer, ele verificou o trabalho das equipes nos diversos pontos da cidade.&nbsp;<\/p>\n\n\n\n<p>No bairro Jardim das Ac\u00e1cias, o prefeito acompanhou a finaliza\u00e7\u00e3o do asfalto na rua Padre Anchieta. At\u00e9 o momento, j\u00e1 s\u00e3o 15 trechos de ruas contempladas no bairro e ao final do programa, mais de cinco mil fam\u00edlias ser\u00e3o beneficiadas.<\/p>\n\n\n\n<p>Junior Marab\u00e1 passou ainda pela rua C\u00e2ndido Portinari, no Jardim Para\u00edso, que foi contemplada com o asfalto.<\/p>\n\n\n\n<p>No centro, o prefeito acompanhou o andamento da requalifica\u00e7\u00e3o asf\u00e1ltica do bairro Cidade Universit\u00e1ria, iniciada no dia 13 de mar\u00e7o pela rua Para\u00edba, e que vai contemplar todo o bairro, com asfalto novo e de qualidade.<\/p>\n\n\n\n<p>&#8220;J\u00e1 retomamos a pavimenta\u00e7\u00e3o em algumas ruas e estamos avan\u00e7ando com importantes obras de drenagem e esgotamento nos bairros Jardim das Ac\u00e1cias e Vereda Tropical, garantindo que, ainda este ano, ambos os bairros estejam 100% asfaltados&#8221;, disse.<\/p>\n\n\n\n<p>CONNECTA OESTE<\/p>\n\n\n\n<p>Connectando voc\u00ea a informa\u00e7\u00e3o!<\/p>\n","protected":false},"excerpt":{"rendered":"<p>Com a estiagem programas foram retomados e novos projetos autorizados O prefeito de Lu\u00eds Eduardo Magalh\u00e3es, Junior Marab\u00e1, vistoriou a retomada das obras de urbaniza\u00e7\u00e3o no munic\u00edpio, o que foi poss\u00edvel gra\u00e7as \u00e0 estiagem. Acompanhado do secret\u00e1rio de Infraestrutura, Franklin Willer, ele verificou o trabalho das equipes nos diversos pontos da cidade.&nbsp; No bairro Jardim [&hellip;]<\/p>\n","protected":false},"author":1,"featured_media":458,"comment_status":"open","ping_status":"open","sticky":false,"template":"","format":"standard","meta":{"footnotes":""},"categories":[1],"tags":[],"class_list":["post-457","post","type-post","status-publish","format-standard","has-post-thumbnail","hentry","category-politica"],"_links":{"self":[{"href":"https:\/\/connectaoeste.com.br\/index.php\/wp-json\/wp\/v2\/posts\/457","targetHints":{"allow":["GET"]}}],"collection":[{"href":"https:\/\/connectaoeste.com.br\/index.php\/wp-json\/wp\/v2\/posts"}],"about":[{"href":"https:\/\/connectaoeste.com.br\/index.php\/wp-json\/wp\/v2\/types\/post"}],"author":[{"embeddable":true,"href":"https:\/\/connectaoeste.com.br\/index.php\/wp-json\/wp\/v2\/users\/1"}],"replies":[{"embeddable":true,"href":"https:\/\/connectaoeste.com.br\/index.php\/wp-json\/wp\/v2\/comments?post=457"}],"version-history":[{"count":1,"href":"https:\/\/connectaoeste.com.br\/index.php\/wp-json\/wp\/v2\/posts\/457\/revisions"}],"predecessor-version":[{"id":459,"href":"https:\/\/connectaoeste.com.br\/index.php\/wp-json\/wp\/v2\/posts\/457\/revisions\/459"}],"wp:featuredmedia":[{"embeddable":true,"href":"https:\/\/connectaoeste.com.br\/index.php\/wp-json\/wp\/v2\/media\/458"}],"wp:attachment":[{"href":"https:\/\/connectaoeste.com.br\/index.php\/wp-json\/wp\/v2\/media?parent=457"}],"wp:term":[{"taxonomy":"category","embeddable":true,"href":"https:\/\/connectaoeste.com.br\/index.php\/wp-json\/wp\/v2\/categories?post=457"},{"taxonomy":"post_tag","embeddable":true,"href":"https:\/\/connectaoeste.com.br\/index.php\/wp-json\/wp\/v2\/tags?post=457"}],"curies":[{"name":"wp","href":"https:\/\/api.w.org\/{rel}","templated":true}]}}