{"id":478,"date":"2024-03-23T10:11:33","date_gmt":"2024-03-23T13:11:33","guid":{"rendered":"https:\/\/connectaoeste.com.br\/?p=478"},"modified":"2024-03-23T10:11:33","modified_gmt":"2024-03-23T13:11:33","slug":"vereador-jean-da-guarda-declara-apoio-ao-pre-candidato-de-oposicao-mariano","status":"publish","type":"post","link":"https:\/\/connectaoeste.com.br\/index.php\/2024\/03\/23\/vereador-jean-da-guarda-declara-apoio-ao-pre-candidato-de-oposicao-mariano\/","title":{"rendered":"Vereador Jean da Guarda declara apoio ao pr\u00e9 candidato de oposi\u00e7\u00e3o Mariano"},"content":{"rendered":"\n<p>Vereador Jean da Guarda da ao lado do Prefeito J\u00fanior Marab\u00e1 de Lu\u00eds Eduardo Magalh\u00e3es declara apoio ao pr\u00e9 candidato Mariano Correntina. O Vereador j\u00e1 estava a mais de um ano fora da base aliada do governo, Jean da Guarda est\u00e1 no seu terceiro mandato, j\u00e1 foi Presidente do Legislativo e tr\u00e1s consigo muita experi\u00eancia para somar a campanha de Mariano Correntina.<\/p>\n\n\n\n<figure class=\"wp-block-image size-large\"><img loading=\"lazy\" decoding=\"async\" width=\"1024\" height=\"110\" src=\"http:\/\/connectaoeste.com.br\/wp-content\/uploads\/2024\/03\/cropped-LEM-E-ESPORTE-BLOG-720x90px-1024x110.jpg\" alt=\"\" class=\"wp-image-469\" srcset=\"https:\/\/connectaoeste.com.br\/wp-content\/uploads\/2024\/03\/cropped-LEM-E-ESPORTE-BLOG-720x90px-1024x110.jpg 1024w, https:\/\/connectaoeste.com.br\/wp-content\/uploads\/2024\/03\/cropped-LEM-E-ESPORTE-BLOG-720x90px-300x32.jpg 300w, https:\/\/connectaoeste.com.br\/wp-content\/uploads\/2024\/03\/cropped-LEM-E-ESPORTE-BLOG-720x90px-768x83.jpg 768w, https:\/\/connectaoeste.com.br\/wp-content\/uploads\/2024\/03\/cropped-LEM-E-ESPORTE-BLOG-720x90px-200x22.jpg 200w, https:\/\/connectaoeste.com.br\/wp-content\/uploads\/2024\/03\/cropped-LEM-E-ESPORTE-BLOG-720x90px.jpg 1440w\" sizes=\"auto, (max-width: 1024px) 100vw, 1024px\" \/><\/figure>\n\n\n\n<p>\u00c9 n\u00edtido a afinidade do Vereador Jean e do Prefeito J\u00fanior Marab\u00e1, que foi pe\u00e7a fundamental para essa alian\u00e7a acontecer.<br>Mariano at\u00e9 o momento tem apoio de 8 Vereadores da C\u00e2mara, enfraquecendo a base aliada do atual governo<\/p>\n\n\n\n<p>CONNECTA OESTE<br>Connectando voc\u00ea a informa\u00e7\u00e3o!<\/p>\n","protected":false},"excerpt":{"rendered":"<p>(foto: Junior Marab\u00e1, Pr\u00e9-candidato Mariano Correntina e vereador Jean da Guarda)<\/p>\n","protected":false},"author":1,"featured_media":479,"comment_status":"open","ping_status":"open","sticky":false,"template":"","format":"standard","meta":{"footnotes":""},"categories":[7,45,1],"tags":[],"class_list":["post-478","post","type-post","status-publish","format-standard","has-post-thumbnail","hentry","category-bahia","category-correntina","category-politica"],"_links":{"self":[{"href":"https:\/\/connectaoeste.com.br\/index.php\/wp-json\/wp\/v2\/posts\/478","targetHints":{"allow":["GET"]}}],"collection":[{"href":"https:\/\/connectaoeste.com.br\/index.php\/wp-json\/wp\/v2\/posts"}],"about":[{"href":"https:\/\/connectaoeste.com.br\/index.php\/wp-json\/wp\/v2\/types\/post"}],"author":[{"embeddable":true,"href":"https:\/\/connectaoeste.com.br\/index.php\/wp-json\/wp\/v2\/users\/1"}],"replies":[{"embeddable":true,"href":"https:\/\/connectaoeste.com.br\/index.php\/wp-json\/wp\/v2\/comments?post=478"}],"version-history":[{"count":1,"href":"https:\/\/connectaoeste.com.br\/index.php\/wp-json\/wp\/v2\/posts\/478\/revisions"}],"predecessor-version":[{"id":480,"href":"https:\/\/connectaoeste.com.br\/index.php\/wp-json\/wp\/v2\/posts\/478\/revisions\/480"}],"wp:featuredmedia":[{"embeddable":true,"href":"https:\/\/connectaoeste.com.br\/index.php\/wp-json\/wp\/v2\/media\/479"}],"wp:attachment":[{"href":"https:\/\/connectaoeste.com.br\/index.php\/wp-json\/wp\/v2\/media?parent=478"}],"wp:term":[{"taxonomy":"category","embeddable":true,"href":"https:\/\/connectaoeste.com.br\/index.php\/wp-json\/wp\/v2\/categories?post=478"},{"taxonomy":"post_tag","embeddable":true,"href":"https:\/\/connectaoeste.com.br\/index.php\/wp-json\/wp\/v2\/tags?post=478"}],"curies":[{"name":"wp","href":"https:\/\/api.w.org\/{rel}","templated":true}]}}