{"id":481,"date":"2024-03-26T10:58:41","date_gmt":"2024-03-26T13:58:41","guid":{"rendered":"https:\/\/connectaoeste.com.br\/?p=481"},"modified":"2024-03-26T11:20:34","modified_gmt":"2024-03-26T14:20:34","slug":"junior-maraba-reforca-seguranca-de-lem-com-53-novos-guardas-civis-e-15-agentes-de-transito","status":"publish","type":"post","link":"https:\/\/connectaoeste.com.br\/index.php\/2024\/03\/26\/junior-maraba-reforca-seguranca-de-lem-com-53-novos-guardas-civis-e-15-agentes-de-transito\/","title":{"rendered":"Junior Marab\u00e1 refor\u00e7a seguran\u00e7a de LEM com 53 novos Guardas Civis e 15 agentes de Tr\u00e2nsito"},"content":{"rendered":"\n<p>Junior Marab\u00e1 refor\u00e7a seguran\u00e7a de LEM com 53 novos Guardas Civis e 15 agentes de Tr\u00e2nsito<\/p>\n\n\n\n<p>O prefeito de Lu\u00eds Eduardo Magalh\u00e3es, Junior Marab\u00e1, concretizou na manh\u00e3 desta segunda-feira (25), um antigo sonho dos luiseduardenses: o refor\u00e7o na seguran\u00e7a do munic\u00edpio, com a formatura de 53 novos Guardas Civis Municipais e 15 Agentes de Tr\u00e2nsito.<\/p>\n\n\n\n<figure class=\"wp-block-image size-large\"><img loading=\"lazy\" decoding=\"async\" width=\"1024\" height=\"682\" src=\"https:\/\/connectaoeste.com.br\/wp-content\/uploads\/2024\/03\/image-2-1024x682.png\" alt=\"\" class=\"wp-image-482\" srcset=\"https:\/\/connectaoeste.com.br\/wp-content\/uploads\/2024\/03\/image-2-1024x682.png 1024w, https:\/\/connectaoeste.com.br\/wp-content\/uploads\/2024\/03\/image-2-300x200.png 300w, https:\/\/connectaoeste.com.br\/wp-content\/uploads\/2024\/03\/image-2-768x512.png 768w, https:\/\/connectaoeste.com.br\/wp-content\/uploads\/2024\/03\/image-2-200x133.png 200w, https:\/\/connectaoeste.com.br\/wp-content\/uploads\/2024\/03\/image-2.png 1280w\" sizes=\"auto, (max-width: 1024px) 100vw, 1024px\" \/><\/figure>\n\n\n\n<p>&#8220;Lu\u00eds Eduardo Magalh\u00e3es \u00e9 onde vivemos com as nossas fam\u00edlias e \u00e9 aqui que temos que prover seguran\u00e7a&#8221;, disse o prefeito.<\/p>\n\n\n\n<p>Al\u00e9m do refor\u00e7o em pessoal, que no caso da Guarda Civil Municipal, dobrou o efetivo, o prefeito tamb\u00e9m investiu em fardamento, 140 coletes bal\u00edsticos, cinco viaturas, e autorizou a licita\u00e7\u00e3o para a compra de armas de fogo. &#8220;Somos o \u00fanico munic\u00edpio da regi\u00e3o Oeste da Bahia a destinar arma de fogo de forma institucional aos Guardas Municipais&#8221;, declarou o prefeito.<\/p>\n\n\n\n<p>Para Junior Marab\u00e1, apesar da seguran\u00e7a p\u00fablica ser de responsabilidade do estado, a gest\u00e3o municipal deve colaborar e combater a criminalidade. &#8220;Esse precisa ser o nosso papel, papel que estamos honrando hoje&#8221;.<\/p>\n\n\n\n<figure class=\"wp-block-image size-large\"><img loading=\"lazy\" decoding=\"async\" width=\"1024\" height=\"341\" src=\"https:\/\/connectaoeste.com.br\/wp-content\/uploads\/2024\/03\/LEM-24-ANOS-300x100px-1024x341.png\" alt=\"\" class=\"wp-image-484\" srcset=\"https:\/\/connectaoeste.com.br\/wp-content\/uploads\/2024\/03\/LEM-24-ANOS-300x100px-1024x341.png 1024w, https:\/\/connectaoeste.com.br\/wp-content\/uploads\/2024\/03\/LEM-24-ANOS-300x100px-300x100.png 300w, https:\/\/connectaoeste.com.br\/wp-content\/uploads\/2024\/03\/LEM-24-ANOS-300x100px-768x256.png 768w, https:\/\/connectaoeste.com.br\/wp-content\/uploads\/2024\/03\/LEM-24-ANOS-300x100px-200x67.png 200w, https:\/\/connectaoeste.com.br\/wp-content\/uploads\/2024\/03\/LEM-24-ANOS-300x100px.png 1200w\" sizes=\"auto, (max-width: 1024px) 100vw, 1024px\" \/><\/figure>\n\n\n\n<p>Com os 15 novos Agentes de Tr\u00e2nsito, a gest\u00e3o municipal fortalece as medidas que transformaram o tr\u00e1fego da cidade, gerando uma redu\u00e7\u00e3o de 53,59% no n\u00famero de acidentes em 2023, na compara\u00e7\u00e3o com o ano anterior.<\/p>\n\n\n\n<p>&#8220;Se com um efetivo pequeno n\u00f3s j\u00e1 temos esse resultado satisfat\u00f3rio, com os novos profissionais atuando, teremos um tr\u00e2nsito ainda mais seguro para as nossas fam\u00edlias, com o foco na preserva\u00e7\u00e3o de vidas&#8221;, concluiu o prefeito.<\/p>\n\n\n\n<p>CONNECTA OESTE<\/p>\n\n\n\n<p>Connectando voc\u00ea a informa\u00e7\u00e3o!<\/p>\n","protected":false},"excerpt":{"rendered":"<p>Junior Marab\u00e1 refor\u00e7a seguran\u00e7a de LEM com 53 novos Guardas Civis e 15 agentes de Tr\u00e2nsito O prefeito de Lu\u00eds Eduardo Magalh\u00e3es, Junior Marab\u00e1, concretizou na manh\u00e3 desta segunda-feira (25), um antigo sonho dos luiseduardenses: o refor\u00e7o na seguran\u00e7a do munic\u00edpio, com a formatura de 53 novos Guardas Civis Municipais e 15 Agentes de Tr\u00e2nsito. [&hellip;]<\/p>\n","protected":false},"author":1,"featured_media":483,"comment_status":"open","ping_status":"open","sticky":false,"template":"","format":"standard","meta":{"footnotes":""},"categories":[7,8,46,5],"tags":[],"class_list":["post-481","post","type-post","status-publish","format-standard","has-post-thumbnail","hentry","category-bahia","category-brasil","category-lem","category-noticias"],"_links":{"self":[{"href":"https:\/\/connectaoeste.com.br\/index.php\/wp-json\/wp\/v2\/posts\/481","targetHints":{"allow":["GET"]}}],"collection":[{"href":"https:\/\/connectaoeste.com.br\/index.php\/wp-json\/wp\/v2\/posts"}],"about":[{"href":"https:\/\/connectaoeste.com.br\/index.php\/wp-json\/wp\/v2\/types\/post"}],"author":[{"embeddable":true,"href":"https:\/\/connectaoeste.com.br\/index.php\/wp-json\/wp\/v2\/users\/1"}],"replies":[{"embeddable":true,"href":"https:\/\/connectaoeste.com.br\/index.php\/wp-json\/wp\/v2\/comments?post=481"}],"version-history":[{"count":2,"href":"https:\/\/connectaoeste.com.br\/index.php\/wp-json\/wp\/v2\/posts\/481\/revisions"}],"predecessor-version":[{"id":486,"href":"https:\/\/connectaoeste.com.br\/index.php\/wp-json\/wp\/v2\/posts\/481\/revisions\/486"}],"wp:featuredmedia":[{"embeddable":true,"href":"https:\/\/connectaoeste.com.br\/index.php\/wp-json\/wp\/v2\/media\/483"}],"wp:attachment":[{"href":"https:\/\/connectaoeste.com.br\/index.php\/wp-json\/wp\/v2\/media?parent=481"}],"wp:term":[{"taxonomy":"category","embeddable":true,"href":"https:\/\/connectaoeste.com.br\/index.php\/wp-json\/wp\/v2\/categories?post=481"},{"taxonomy":"post_tag","embeddable":true,"href":"https:\/\/connectaoeste.com.br\/index.php\/wp-json\/wp\/v2\/tags?post=481"}],"curies":[{"name":"wp","href":"https:\/\/api.w.org\/{rel}","templated":true}]}}