{"id":496,"date":"2024-04-04T18:49:21","date_gmt":"2024-04-04T21:49:21","guid":{"rendered":"https:\/\/connectaoeste.com.br\/?p=496"},"modified":"2024-04-04T18:54:45","modified_gmt":"2024-04-04T21:54:45","slug":"vereador-jean-da-guarda-retoma-presidencia-do-pp-em-correntina","status":"publish","type":"post","link":"https:\/\/connectaoeste.com.br\/index.php\/2024\/04\/04\/vereador-jean-da-guarda-retoma-presidencia-do-pp-em-correntina\/","title":{"rendered":"Vereador Jean da Guarda retoma presid\u00eancia do PP em Correntina"},"content":{"rendered":"\n<p>Ap\u00f3s declarar a sua sa\u00edda da presid\u00eancia do Partido Progressista (PP 11 ) para concorrer as elei\u00e7\u00f5es de 2020 pelo Podemos (20), o vereador Jean da Guarda volta ao partido e ainda surpreende ao receber novamente a presid\u00eancia do partido na cidade de Correntina para a disputa das elei\u00e7\u00f5es municipais.<\/p>\n\n\n\n<p>O partido vai compor a chapa partid\u00e1ria de apoio ao at\u00e9 ent\u00e3o pr\u00e9-candidato Mariano Correntina, o PP que viveu bons momentos nas elei\u00e7\u00f5es municipais sob a presid\u00eancia do vereador Jean, ir\u00e1 disputar as elei\u00e7\u00f5es e ir\u00e1 contar com fortes nomes que ir\u00e3o com certeza esquentar a elei\u00e7\u00e3o municipal.<\/p>\n\n\n\n<figure class=\"wp-block-image size-large\"><img loading=\"lazy\" decoding=\"async\" width=\"1024\" height=\"677\" src=\"https:\/\/connectaoeste.com.br\/wp-content\/uploads\/2024\/04\/image-6-1024x677.png\" alt=\"\" class=\"wp-image-498\" srcset=\"https:\/\/connectaoeste.com.br\/wp-content\/uploads\/2024\/04\/image-6-1024x677.png 1024w, https:\/\/connectaoeste.com.br\/wp-content\/uploads\/2024\/04\/image-6-300x198.png 300w, https:\/\/connectaoeste.com.br\/wp-content\/uploads\/2024\/04\/image-6-768x508.png 768w, https:\/\/connectaoeste.com.br\/wp-content\/uploads\/2024\/04\/image-6-200x132.png 200w, https:\/\/connectaoeste.com.br\/wp-content\/uploads\/2024\/04\/image-6.png 1080w\" sizes=\"auto, (max-width: 1024px) 100vw, 1024px\" \/><\/figure>\n\n\n\n<p>\u00c9 importante lembrar que foi pelo Partido Progressista que o vereador Jean teve sua maior e expressiva vota\u00e7\u00e3o, em 2016 o vereador elegeu-se com 1069 votos e com essa expressiva vota\u00e7\u00e3o segue sendo um dos mais bem votados na hist\u00f3ria pol\u00edtica de Correntina.<\/p>\n\n\n\n<figure class=\"wp-block-image size-large\"><img loading=\"lazy\" decoding=\"async\" width=\"1024\" height=\"128\" src=\"http:\/\/connectaoeste.com.br\/wp-content\/uploads\/2024\/03\/LEM-E-ESPORTE-BLOG-720x90px-1024x128.jpg\" alt=\"\" class=\"wp-image-468\" srcset=\"https:\/\/connectaoeste.com.br\/wp-content\/uploads\/2024\/03\/LEM-E-ESPORTE-BLOG-720x90px-1024x128.jpg 1024w, https:\/\/connectaoeste.com.br\/wp-content\/uploads\/2024\/03\/LEM-E-ESPORTE-BLOG-720x90px-300x38.jpg 300w, https:\/\/connectaoeste.com.br\/wp-content\/uploads\/2024\/03\/LEM-E-ESPORTE-BLOG-720x90px-768x96.jpg 768w, https:\/\/connectaoeste.com.br\/wp-content\/uploads\/2024\/03\/LEM-E-ESPORTE-BLOG-720x90px-200x25.jpg 200w, https:\/\/connectaoeste.com.br\/wp-content\/uploads\/2024\/03\/LEM-E-ESPORTE-BLOG-720x90px.jpg 1440w\" sizes=\"auto, (max-width: 1024px) 100vw, 1024px\" \/><\/figure>\n\n\n\n<p>&#8220;Retorno a esse partido que me rendeu tantas alegrias e refor\u00e7o junto aos correligion\u00e1rios o nosso apoio massivo ao pr\u00e9-candidato a prefeito Mariano Correntina&#8221; &#8211; afirmou o vereador Jean da Guarda.<\/p>\n\n\n\n<p>CC\/ Connecta Oeste<\/p>\n","protected":false},"excerpt":{"rendered":"<p>Ap\u00f3s declarar a sua sa\u00edda da presid\u00eancia do Partido Progressista (PP 11 ) para concorrer as elei\u00e7\u00f5es de 2020 pelo Podemos (20), o vereador Jean da Guarda volta ao partido e ainda surpreende ao receber novamente a presid\u00eancia do partido na cidade de Correntina para a disputa das elei\u00e7\u00f5es municipais. O partido vai compor a [&hellip;]<\/p>\n","protected":false},"author":1,"featured_media":497,"comment_status":"open","ping_status":"open","sticky":false,"template":"","format":"standard","meta":{"footnotes":""},"categories":[7,45,1],"tags":[15,30,14,38],"class_list":["post-496","post","type-post","status-publish","format-standard","has-post-thumbnail","hentry","category-bahia","category-correntina","category-politica","tag-bahia","tag-correntina","tag-noticias","tag-politica"],"_links":{"self":[{"href":"https:\/\/connectaoeste.com.br\/index.php\/wp-json\/wp\/v2\/posts\/496","targetHints":{"allow":["GET"]}}],"collection":[{"href":"https:\/\/connectaoeste.com.br\/index.php\/wp-json\/wp\/v2\/posts"}],"about":[{"href":"https:\/\/connectaoeste.com.br\/index.php\/wp-json\/wp\/v2\/types\/post"}],"author":[{"embeddable":true,"href":"https:\/\/connectaoeste.com.br\/index.php\/wp-json\/wp\/v2\/users\/1"}],"replies":[{"embeddable":true,"href":"https:\/\/connectaoeste.com.br\/index.php\/wp-json\/wp\/v2\/comments?post=496"}],"version-history":[{"count":1,"href":"https:\/\/connectaoeste.com.br\/index.php\/wp-json\/wp\/v2\/posts\/496\/revisions"}],"predecessor-version":[{"id":499,"href":"https:\/\/connectaoeste.com.br\/index.php\/wp-json\/wp\/v2\/posts\/496\/revisions\/499"}],"wp:featuredmedia":[{"embeddable":true,"href":"https:\/\/connectaoeste.com.br\/index.php\/wp-json\/wp\/v2\/media\/497"}],"wp:attachment":[{"href":"https:\/\/connectaoeste.com.br\/index.php\/wp-json\/wp\/v2\/media?parent=496"}],"wp:term":[{"taxonomy":"category","embeddable":true,"href":"https:\/\/connectaoeste.com.br\/index.php\/wp-json\/wp\/v2\/categories?post=496"},{"taxonomy":"post_tag","embeddable":true,"href":"https:\/\/connectaoeste.com.br\/index.php\/wp-json\/wp\/v2\/tags?post=496"}],"curies":[{"name":"wp","href":"https:\/\/api.w.org\/{rel}","templated":true}]}}