{"id":589,"date":"2024-05-06T19:36:08","date_gmt":"2024-05-06T22:36:08","guid":{"rendered":"https:\/\/connectaoeste.com.br\/?p=589"},"modified":"2024-05-06T19:36:08","modified_gmt":"2024-05-06T22:36:08","slug":"seis-presos-fogem-do-conjunto-penal-de-barreiras","status":"publish","type":"post","link":"https:\/\/connectaoeste.com.br\/index.php\/2024\/05\/06\/seis-presos-fogem-do-conjunto-penal-de-barreiras\/","title":{"rendered":"Seis presos fogem do conjunto penal de Barreiras"},"content":{"rendered":"\n<p>Pelo menos seis presidi\u00e1rios lotados no Conjunto Penal de Barreiras, cidade do Oeste da Bahia, fugiram da unidade prisional ap\u00f3s serrarem as grades das celas.<\/p>\n\n\n\n<p>Os custodiados tiveram os nomes divulgados por uma r\u00e1dio de Barreiras e as for\u00e7as policiais est\u00e3o nas ruas em buscas dos fugitivos. O fuga do pres\u00eddio foi notada durante a manh\u00e3.<\/p>\n\n\n\n<p>Todas as pol\u00edcias das cidades do entorno de Barreiras est\u00e3o de prontid\u00e3o desde as primeiras horas desta segunda-feira para tentar recapturar os fugitivos. Dos seis, tr\u00eas s\u00e3o da cidade de Barreiras, um de Riach\u00e3o das Neves, um de Brotas de Maca\u00fabas e outro natural de Itabuna.<\/p>\n\n\n\n<figure class=\"wp-block-image size-full\"><img loading=\"lazy\" decoding=\"async\" width=\"829\" height=\"548\" src=\"https:\/\/connectaoeste.com.br\/wp-content\/uploads\/2024\/05\/image-3.png\" alt=\"\" class=\"wp-image-591\" srcset=\"https:\/\/connectaoeste.com.br\/wp-content\/uploads\/2024\/05\/image-3.png 829w, https:\/\/connectaoeste.com.br\/wp-content\/uploads\/2024\/05\/image-3-300x198.png 300w, https:\/\/connectaoeste.com.br\/wp-content\/uploads\/2024\/05\/image-3-768x508.png 768w, https:\/\/connectaoeste.com.br\/wp-content\/uploads\/2024\/05\/image-3-200x132.png 200w\" sizes=\"auto, (max-width: 829px) 100vw, 829px\" \/><\/figure>\n\n\n\n<p>Os presos serraram as grades durante a noite, e informa\u00e7\u00f5es iniciais apontam que eles n\u00e3o foram captados pelas c\u00e2meras de seguran\u00e7a. Qualquer informa\u00e7\u00e3o pode ser repassada \u00e0 Pol\u00edcia Militar (190) ou \u00e0 Pol\u00edcia Civil (197).<\/p>\n\n\n\n<figure class=\"wp-block-image size-large\"><img loading=\"lazy\" decoding=\"async\" width=\"1024\" height=\"110\" src=\"http:\/\/connectaoeste.com.br\/wp-content\/uploads\/2023\/11\/cropped-cropped-cropped-SITE-ID-001-10-1024x110.png\" alt=\"\" class=\"wp-image-563\" srcset=\"https:\/\/connectaoeste.com.br\/wp-content\/uploads\/2023\/11\/cropped-cropped-cropped-SITE-ID-001-10-1024x110.png 1024w, https:\/\/connectaoeste.com.br\/wp-content\/uploads\/2023\/11\/cropped-cropped-cropped-SITE-ID-001-10-300x32.png 300w, https:\/\/connectaoeste.com.br\/wp-content\/uploads\/2023\/11\/cropped-cropped-cropped-SITE-ID-001-10-768x83.png 768w, https:\/\/connectaoeste.com.br\/wp-content\/uploads\/2023\/11\/cropped-cropped-cropped-SITE-ID-001-10-1536x165.png 1536w, https:\/\/connectaoeste.com.br\/wp-content\/uploads\/2023\/11\/cropped-cropped-cropped-SITE-ID-001-10-2048x220.png 2048w, https:\/\/connectaoeste.com.br\/wp-content\/uploads\/2023\/11\/cropped-cropped-cropped-SITE-ID-001-10-200x21.png 200w\" sizes=\"auto, (max-width: 1024px) 100vw, 1024px\" \/><\/figure>\n\n\n\n<p>O Governo da Bahia inaugurou o Conjunto Penal de Barreiras em 2017, com capacidade para 533 presos. Na \u00e9poca da inaugura\u00e7\u00e3o estava equipada com: detector de metal nas tr\u00eas modalidades (p\u00f3rtico, manual e banqueta); mais de 100 c\u00e2meras com circuito de CFTV; raio x de esteira; bloqueador de sinal de celular; scanner corporal. Al\u00e9m disso, salas para v\u00eddeo audi\u00eancia; salas de aula; salas multiuso; posto de sa\u00fade com gabinete m\u00e9dico e dent\u00e1rio; laborat\u00f3rio de inform\u00e1tica para internos; e espa\u00e7os diversos para oficinas de trabalho e educa\u00e7\u00e3o.<\/p>\n","protected":false},"excerpt":{"rendered":"<p>Pelo menos seis presidi\u00e1rios lotados no Conjunto Penal de Barreiras, cidade do Oeste da Bahia, fugiram da unidade prisional ap\u00f3s serrarem as grades das celas. Os custodiados tiveram os nomes divulgados por uma r\u00e1dio de Barreiras e as for\u00e7as policiais est\u00e3o nas ruas em buscas dos fugitivos. O fuga do pres\u00eddio foi notada durante a [&hellip;]<\/p>\n","protected":false},"author":1,"featured_media":590,"comment_status":"open","ping_status":"open","sticky":false,"template":"","format":"standard","meta":{"footnotes":""},"categories":[7,8,5],"tags":[15,16,14],"class_list":["post-589","post","type-post","status-publish","format-standard","has-post-thumbnail","hentry","category-bahia","category-brasil","category-noticias","tag-bahia","tag-barreiras","tag-noticias"],"_links":{"self":[{"href":"https:\/\/connectaoeste.com.br\/index.php\/wp-json\/wp\/v2\/posts\/589","targetHints":{"allow":["GET"]}}],"collection":[{"href":"https:\/\/connectaoeste.com.br\/index.php\/wp-json\/wp\/v2\/posts"}],"about":[{"href":"https:\/\/connectaoeste.com.br\/index.php\/wp-json\/wp\/v2\/types\/post"}],"author":[{"embeddable":true,"href":"https:\/\/connectaoeste.com.br\/index.php\/wp-json\/wp\/v2\/users\/1"}],"replies":[{"embeddable":true,"href":"https:\/\/connectaoeste.com.br\/index.php\/wp-json\/wp\/v2\/comments?post=589"}],"version-history":[{"count":1,"href":"https:\/\/connectaoeste.com.br\/index.php\/wp-json\/wp\/v2\/posts\/589\/revisions"}],"predecessor-version":[{"id":592,"href":"https:\/\/connectaoeste.com.br\/index.php\/wp-json\/wp\/v2\/posts\/589\/revisions\/592"}],"wp:featuredmedia":[{"embeddable":true,"href":"https:\/\/connectaoeste.com.br\/index.php\/wp-json\/wp\/v2\/media\/590"}],"wp:attachment":[{"href":"https:\/\/connectaoeste.com.br\/index.php\/wp-json\/wp\/v2\/media?parent=589"}],"wp:term":[{"taxonomy":"category","embeddable":true,"href":"https:\/\/connectaoeste.com.br\/index.php\/wp-json\/wp\/v2\/categories?post=589"},{"taxonomy":"post_tag","embeddable":true,"href":"https:\/\/connectaoeste.com.br\/index.php\/wp-json\/wp\/v2\/tags?post=589"}],"curies":[{"name":"wp","href":"https:\/\/api.w.org\/{rel}","templated":true}]}}