{"id":673,"date":"2024-06-11T08:12:00","date_gmt":"2024-06-11T11:12:00","guid":{"rendered":"https:\/\/connectaoeste.com.br\/?p=673"},"modified":"2024-06-11T07:39:51","modified_gmt":"2024-06-11T10:39:51","slug":"sustentabilidade-e-preservacao-ambiental-sao-destaques-na-abertura-da-bahia-farm-show","status":"publish","type":"post","link":"https:\/\/connectaoeste.com.br\/index.php\/2024\/06\/11\/sustentabilidade-e-preservacao-ambiental-sao-destaques-na-abertura-da-bahia-farm-show\/","title":{"rendered":"Sustentabilidade e preserva\u00e7\u00e3o ambiental s\u00e3o destaques na abertura da Bahia Farm show"},"content":{"rendered":"\n<p>Na abertura da Bahia Farm Show nesta segunda-feira (10), os discursos destacaram a sustentabilidade, a preserva\u00e7\u00e3o ambiental e a recupera\u00e7\u00e3o de nascentes h\u00eddricas. Em sua 18\u00aa edi\u00e7\u00e3o, o evento ocorre em Lu\u00eds Eduardo Magalh\u00e3es, no oeste da Bahia.<\/p>\n\n\n\n<p>Odacil Ranzi, presidente da Associa\u00e7\u00e3o de Agricultores e Irrigantes da Bahia (Aiba) e tamb\u00e9m da Bahia Farm Show, ressaltou em seu discurso a preocupa\u00e7\u00e3o dos produtores rurais com a sustentabilidade e os investimentos em a\u00e7\u00f5es de preserva\u00e7\u00e3o ambiental.<\/p>\n\n\n\n<p>O evento, realizado na sede da Aiba, contou com a presen\u00e7a do prefeito J\u00fanior Marab\u00e1, do senador Irineu Orth (PP-RS), do secret\u00e1rio de Meio Ambiente do estado, Wallison Tum, al\u00e9m de empres\u00e1rios, produtores rurais e outras autoridades.<\/p>\n\n\n\n<figure class=\"wp-block-image size-large\"><img loading=\"lazy\" decoding=\"async\" width=\"1024\" height=\"682\" src=\"http:\/\/connectaoeste.com.br\/wp-content\/uploads\/2024\/06\/image-3-1024x682.png\" alt=\"\" class=\"wp-image-664\" srcset=\"https:\/\/connectaoeste.com.br\/wp-content\/uploads\/2024\/06\/image-3-1024x682.png 1024w, https:\/\/connectaoeste.com.br\/wp-content\/uploads\/2024\/06\/image-3-300x200.png 300w, https:\/\/connectaoeste.com.br\/wp-content\/uploads\/2024\/06\/image-3-768x512.png 768w, https:\/\/connectaoeste.com.br\/wp-content\/uploads\/2024\/06\/image-3-200x133.png 200w, https:\/\/connectaoeste.com.br\/wp-content\/uploads\/2024\/06\/image-3.png 1280w\" sizes=\"auto, (max-width: 1024px) 100vw, 1024px\" \/><\/figure>\n\n\n\n<p>O secret\u00e1rio de Meio Ambiente do estado parabenizou a organiza\u00e7\u00e3o do evento e destacou o investimento do governo estadual na feira. \u201cO estado da Bahia patrocinou R$ 1,35 milh\u00e3o e acreditamos que isso ainda \u00e9 insuficiente dada a import\u00e2ncia e o tamanho do evento\u201d. A feira estar\u00e1 aberta ao p\u00fablico a partir desta ter\u00e7a-feira (11) at\u00e9 o pr\u00f3ximo s\u00e1bado (15), com a expectativa de atrair 100 mil visitantes que poder\u00e3o conferir mais de mil marcas de 434 empresas expositoras distribu\u00eddas em uma \u00e1rea de 262 mil metros quadrados..<\/p>\n\n\n\n<p><strong>Connecta oeste<\/strong><\/p>\n\n\n\n<p><strong>Conectando voc\u00ea a informa\u00e7\u00e3o<\/strong>.<\/p>\n\n\n\n<p><\/p>\n","protected":false},"excerpt":{"rendered":"<p>Na abertura da Bahia Farm Show nesta segunda-feira (10), os discursos destacaram a sustentabilidade, a preserva\u00e7\u00e3o ambiental e a recupera\u00e7\u00e3o de nascentes h\u00eddricas. Em sua 18\u00aa edi\u00e7\u00e3o, o evento ocorre em Lu\u00eds Eduardo Magalh\u00e3es, no oeste da Bahia. Odacil Ranzi, presidente da Associa\u00e7\u00e3o de Agricultores e Irrigantes da Bahia (Aiba) e tamb\u00e9m da Bahia Farm [&hellip;]<\/p>\n","protected":false},"author":1,"featured_media":675,"comment_status":"closed","ping_status":"open","sticky":false,"template":"","format":"standard","meta":{"footnotes":""},"categories":[7,46],"tags":[],"class_list":["post-673","post","type-post","status-publish","format-standard","has-post-thumbnail","hentry","category-bahia","category-lem"],"_links":{"self":[{"href":"https:\/\/connectaoeste.com.br\/index.php\/wp-json\/wp\/v2\/posts\/673","targetHints":{"allow":["GET"]}}],"collection":[{"href":"https:\/\/connectaoeste.com.br\/index.php\/wp-json\/wp\/v2\/posts"}],"about":[{"href":"https:\/\/connectaoeste.com.br\/index.php\/wp-json\/wp\/v2\/types\/post"}],"author":[{"embeddable":true,"href":"https:\/\/connectaoeste.com.br\/index.php\/wp-json\/wp\/v2\/users\/1"}],"replies":[{"embeddable":true,"href":"https:\/\/connectaoeste.com.br\/index.php\/wp-json\/wp\/v2\/comments?post=673"}],"version-history":[{"count":4,"href":"https:\/\/connectaoeste.com.br\/index.php\/wp-json\/wp\/v2\/posts\/673\/revisions"}],"predecessor-version":[{"id":680,"href":"https:\/\/connectaoeste.com.br\/index.php\/wp-json\/wp\/v2\/posts\/673\/revisions\/680"}],"wp:featuredmedia":[{"embeddable":true,"href":"https:\/\/connectaoeste.com.br\/index.php\/wp-json\/wp\/v2\/media\/675"}],"wp:attachment":[{"href":"https:\/\/connectaoeste.com.br\/index.php\/wp-json\/wp\/v2\/media?parent=673"}],"wp:term":[{"taxonomy":"category","embeddable":true,"href":"https:\/\/connectaoeste.com.br\/index.php\/wp-json\/wp\/v2\/categories?post=673"},{"taxonomy":"post_tag","embeddable":true,"href":"https:\/\/connectaoeste.com.br\/index.php\/wp-json\/wp\/v2\/tags?post=673"}],"curies":[{"name":"wp","href":"https:\/\/api.w.org\/{rel}","templated":true}]}}