{"id":724,"date":"2024-06-19T08:15:00","date_gmt":"2024-06-19T11:15:00","guid":{"rendered":"https:\/\/connectaoeste.com.br\/?p=724"},"modified":"2024-06-19T08:13:19","modified_gmt":"2024-06-19T11:13:19","slug":"expectativa-e-frustracao-atracoes-da-feira-da-agricultura-familiar-de-correntina-ainda-nao-foram-divulgadas","status":"publish","type":"post","link":"https:\/\/connectaoeste.com.br\/index.php\/2024\/06\/19\/expectativa-e-frustracao-atracoes-da-feira-da-agricultura-familiar-de-correntina-ainda-nao-foram-divulgadas\/","title":{"rendered":"Expectativa e Frustra\u00e7\u00e3o: Atra\u00e7\u00f5es da Feira da Agricultura Familiar de Correntina Ainda N\u00e3o Foram Divulgadas."},"content":{"rendered":"\n<p>A menos de um m\u00eas para a realiza\u00e7\u00e3o da aguardada Feira da Agricultura Familiar em Correntina, a popula\u00e7\u00e3o e os comerciantes locais encontram-se ansiosos e frustrados devido \u00e0 aus\u00eancia de informa\u00e7\u00f5es sobre as atra\u00e7\u00f5es do evento. Diferentemente de outras cidades, onde as atra\u00e7\u00f5es s\u00e3o divulgadas com meses de anteced\u00eancia, Correntina ainda n\u00e3o anunciou os artistas e atividades que far\u00e3o parte da programa\u00e7\u00e3o, gerando grande insatisfa\u00e7\u00e3o.<\/p>\n\n\n\n<p>A Feira da Agricultura Familiar \u00e9 um dos eventos mais importantes do calend\u00e1rio anual de Correntina, atraindo visitantes de diversas regi\u00f5es e movimentando significativamente a economia local. Comerciantes e produtores agr\u00edcolas se preparam durante meses para este momento, investindo em estoques e melhorando suas estruturas para receber os visitantes. No entanto, a falta de divulga\u00e7\u00e3o das atra\u00e7\u00f5es dificulta o planejamento e a log\u00edstica para muitos desses empreendedores.<\/p>\n\n\n\n<p>Os moradores tamb\u00e9m expressam sua insatisfa\u00e7\u00e3o em conversas na cidade. Muitos argumentam que a antecipa\u00e7\u00e3o das atra\u00e7\u00f5es ajudaria a gerar maior entusiasmo e engajamento com o evento, al\u00e9m de possibilitar um melhor planejamento por parte dos visitantes que v\u00eam de outras localidades. A incerteza sobre as atra\u00e7\u00f5es pode afetar a decis\u00e3o de muitas pessoas em participar da feira, impactando negativamente o n\u00famero de visitantes e, consequentemente, as vendas dos comerciantes.<\/p>\n\n\n\n<p>A compara\u00e7\u00e3o com outras cidades da regi\u00e3o s\u00f3 aumenta a frustra\u00e7\u00e3o dos correntinenses. Em locais pr\u00f3ximos, as feiras e festivais similares t\u00eam suas atra\u00e7\u00f5es divulgadas com bastante anteced\u00eancia, criando uma atmosfera de expectativa e preparando a popula\u00e7\u00e3o para o evento. A falta de informa\u00e7\u00f5es em Correntina \u00e9 vista como um descaso com a popula\u00e7\u00e3o e uma falha na organiza\u00e7\u00e3o do evento.<\/p>\n\n\n\n<p>Enquanto isso, comerciantes e moradores de Correntina aguardam com ansiedade e esperan\u00e7a que a edi\u00e7\u00e3o deste ano da Feira da Agricultura Familiar traga atra\u00e7\u00f5es de qualidade e continue sendo um marco importante para a cidade, promovendo o desenvolvimento econ\u00f4mico e cultural da regi\u00e3o.<\/p>\n","protected":false},"excerpt":{"rendered":"<p>A menos de um m\u00eas para a realiza\u00e7\u00e3o da aguardada Feira da Agricultura Familiar em Correntina, a popula\u00e7\u00e3o e os comerciantes locais encontram-se ansiosos e frustrados devido \u00e0 aus\u00eancia de informa\u00e7\u00f5es sobre as atra\u00e7\u00f5es do evento. Diferentemente de outras cidades, onde as atra\u00e7\u00f5es s\u00e3o divulgadas com meses de anteced\u00eancia, Correntina ainda n\u00e3o anunciou os artistas [&hellip;]<\/p>\n","protected":false},"author":1,"featured_media":725,"comment_status":"open","ping_status":"open","sticky":false,"template":"","format":"standard","meta":{"footnotes":""},"categories":[7,45,62,63],"tags":[],"class_list":["post-724","post","type-post","status-publish","format-standard","has-post-thumbnail","hentry","category-bahia","category-correntina","category-evento","category-festa"],"_links":{"self":[{"href":"https:\/\/connectaoeste.com.br\/index.php\/wp-json\/wp\/v2\/posts\/724","targetHints":{"allow":["GET"]}}],"collection":[{"href":"https:\/\/connectaoeste.com.br\/index.php\/wp-json\/wp\/v2\/posts"}],"about":[{"href":"https:\/\/connectaoeste.com.br\/index.php\/wp-json\/wp\/v2\/types\/post"}],"author":[{"embeddable":true,"href":"https:\/\/connectaoeste.com.br\/index.php\/wp-json\/wp\/v2\/users\/1"}],"replies":[{"embeddable":true,"href":"https:\/\/connectaoeste.com.br\/index.php\/wp-json\/wp\/v2\/comments?post=724"}],"version-history":[{"count":1,"href":"https:\/\/connectaoeste.com.br\/index.php\/wp-json\/wp\/v2\/posts\/724\/revisions"}],"predecessor-version":[{"id":726,"href":"https:\/\/connectaoeste.com.br\/index.php\/wp-json\/wp\/v2\/posts\/724\/revisions\/726"}],"wp:featuredmedia":[{"embeddable":true,"href":"https:\/\/connectaoeste.com.br\/index.php\/wp-json\/wp\/v2\/media\/725"}],"wp:attachment":[{"href":"https:\/\/connectaoeste.com.br\/index.php\/wp-json\/wp\/v2\/media?parent=724"}],"wp:term":[{"taxonomy":"category","embeddable":true,"href":"https:\/\/connectaoeste.com.br\/index.php\/wp-json\/wp\/v2\/categories?post=724"},{"taxonomy":"post_tag","embeddable":true,"href":"https:\/\/connectaoeste.com.br\/index.php\/wp-json\/wp\/v2\/tags?post=724"}],"curies":[{"name":"wp","href":"https:\/\/api.w.org\/{rel}","templated":true}]}}