{"id":731,"date":"2024-06-20T13:12:37","date_gmt":"2024-06-20T16:12:37","guid":{"rendered":"https:\/\/connectaoeste.com.br\/?p=731"},"modified":"2024-06-20T13:14:27","modified_gmt":"2024-06-20T16:14:27","slug":"morre-chrystian-da-dupla-sertaneja-chrystian-e-ralf-aos-67-anos","status":"publish","type":"post","link":"https:\/\/connectaoeste.com.br\/index.php\/2024\/06\/20\/morre-chrystian-da-dupla-sertaneja-chrystian-e-ralf-aos-67-anos\/","title":{"rendered":"Morre Chrystian, da Dupla Sertaneja Chrystian e Ralf, aos 67 Anos"},"content":{"rendered":"\n<p>O cantor Chrystian, da famosa dupla sertaneja &#8220;Chrystian e Ralf,&#8221; faleceu aos 67 anos na noite desta quarta-feira (19) ap\u00f3s ser internado no Hospital Samaritano, em S\u00e3o Paulo. A informa\u00e7\u00e3o foi confirmada pela fam\u00edlia e pela equipe do artista.<\/p>\n\n\n\n<p>Chrystian havia sido diagnosticado com rim polic\u00edstico, um dist\u00farbio em que cistos se desenvolvem nos rins, e foi internado em fevereiro deste ano para realizar um transplante de rim. No entanto, a cirurgia foi adiada devido a imprevistos nos exames pr\u00e9-operat\u00f3rios.<\/p>\n\n\n\n<figure class=\"wp-block-image size-large\"><img loading=\"lazy\" decoding=\"async\" width=\"1024\" height=\"110\" src=\"http:\/\/connectaoeste.com.br\/wp-content\/uploads\/2023\/11\/cropped-cropped-cropped-SITE-ID-001-10-1024x110.png\" alt=\"\" class=\"wp-image-563\" srcset=\"https:\/\/connectaoeste.com.br\/wp-content\/uploads\/2023\/11\/cropped-cropped-cropped-SITE-ID-001-10-1024x110.png 1024w, https:\/\/connectaoeste.com.br\/wp-content\/uploads\/2023\/11\/cropped-cropped-cropped-SITE-ID-001-10-300x32.png 300w, https:\/\/connectaoeste.com.br\/wp-content\/uploads\/2023\/11\/cropped-cropped-cropped-SITE-ID-001-10-768x83.png 768w, https:\/\/connectaoeste.com.br\/wp-content\/uploads\/2023\/11\/cropped-cropped-cropped-SITE-ID-001-10-1536x165.png 1536w, https:\/\/connectaoeste.com.br\/wp-content\/uploads\/2023\/11\/cropped-cropped-cropped-SITE-ID-001-10-2048x220.png 2048w, https:\/\/connectaoeste.com.br\/wp-content\/uploads\/2023\/11\/cropped-cropped-cropped-SITE-ID-001-10-200x21.png 200w\" sizes=\"auto, (max-width: 1024px) 100vw, 1024px\" \/><\/figure>\n\n\n\n<p>A dupla Chrystian e Ralf \u00e9 uma das mais ic\u00f4nicas do sertanejo brasileiro, conhecida por suas vozes inconfund\u00edveis e in\u00fameras can\u00e7\u00f5es de sucesso que marcaram gera\u00e7\u00f5es. O falecimento de Chrystian representa uma grande perda para a m\u00fasica sertaneja e para seus in\u00fameros f\u00e3s em todo o pa\u00eds.<\/p>\n\n\n\n<p><\/p>\n\n\n\n<p><strong>Connecta oeste <\/strong><\/p>\n\n\n\n<p><strong>Conectando voc\u00ea a informa\u00e7\u00e3o de qualidade!<\/strong><\/p>\n","protected":false},"excerpt":{"rendered":"<p>O cantor Chrystian, da famosa dupla sertaneja &#8220;Chrystian e Ralf,&#8221; faleceu aos 67 anos na noite desta quarta-feira (19) ap\u00f3s ser internado no Hospital Samaritano, em S\u00e3o Paulo. A informa\u00e7\u00e3o foi confirmada pela fam\u00edlia e pela equipe do artista. Chrystian havia sido diagnosticado com rim polic\u00edstico, um dist\u00farbio em que cistos se desenvolvem nos rins, [&hellip;]<\/p>\n","protected":false},"author":1,"featured_media":732,"comment_status":"open","ping_status":"open","sticky":false,"template":"","format":"standard","meta":{"footnotes":""},"categories":[8,5],"tags":[],"class_list":["post-731","post","type-post","status-publish","format-standard","has-post-thumbnail","hentry","category-brasil","category-noticias"],"_links":{"self":[{"href":"https:\/\/connectaoeste.com.br\/index.php\/wp-json\/wp\/v2\/posts\/731","targetHints":{"allow":["GET"]}}],"collection":[{"href":"https:\/\/connectaoeste.com.br\/index.php\/wp-json\/wp\/v2\/posts"}],"about":[{"href":"https:\/\/connectaoeste.com.br\/index.php\/wp-json\/wp\/v2\/types\/post"}],"author":[{"embeddable":true,"href":"https:\/\/connectaoeste.com.br\/index.php\/wp-json\/wp\/v2\/users\/1"}],"replies":[{"embeddable":true,"href":"https:\/\/connectaoeste.com.br\/index.php\/wp-json\/wp\/v2\/comments?post=731"}],"version-history":[{"count":2,"href":"https:\/\/connectaoeste.com.br\/index.php\/wp-json\/wp\/v2\/posts\/731\/revisions"}],"predecessor-version":[{"id":735,"href":"https:\/\/connectaoeste.com.br\/index.php\/wp-json\/wp\/v2\/posts\/731\/revisions\/735"}],"wp:featuredmedia":[{"embeddable":true,"href":"https:\/\/connectaoeste.com.br\/index.php\/wp-json\/wp\/v2\/media\/732"}],"wp:attachment":[{"href":"https:\/\/connectaoeste.com.br\/index.php\/wp-json\/wp\/v2\/media?parent=731"}],"wp:term":[{"taxonomy":"category","embeddable":true,"href":"https:\/\/connectaoeste.com.br\/index.php\/wp-json\/wp\/v2\/categories?post=731"},{"taxonomy":"post_tag","embeddable":true,"href":"https:\/\/connectaoeste.com.br\/index.php\/wp-json\/wp\/v2\/tags?post=731"}],"curies":[{"name":"wp","href":"https:\/\/api.w.org\/{rel}","templated":true}]}}