{"id":736,"date":"2024-06-21T21:39:35","date_gmt":"2024-06-22T00:39:35","guid":{"rendered":"https:\/\/connectaoeste.com.br\/?p=736"},"modified":"2024-06-21T21:39:36","modified_gmt":"2024-06-22T00:39:36","slug":"luis-eduardo-magalhaes-firma-acordo-de-cooperacao-com-cidade-italiana-de-varapodio-parceria-vai-facilitar-a-obtencao-da-cidadania-italiana-para-moradores-do-municipio","status":"publish","type":"post","link":"https:\/\/connectaoeste.com.br\/index.php\/2024\/06\/21\/luis-eduardo-magalhaes-firma-acordo-de-cooperacao-com-cidade-italiana-de-varapodio-parceria-vai-facilitar-a-obtencao-da-cidadania-italiana-para-moradores-do-municipio\/","title":{"rendered":"Lu\u00eds Eduardo Magalh\u00e3es firma acordo de coopera\u00e7\u00e3o com cidade italiana de Varapodio: Parceria vai facilitar a obten\u00e7\u00e3o da cidadania italiana para moradores do munic\u00edpio."},"content":{"rendered":"\n<p><\/p>\n\n\n\n<p>Lu\u00eds Eduardo Magalh\u00e3es firmou acordo de coopera\u00e7\u00e3o com a cidade italiana de Varapodio, por meio do Projeto Gemellaggio. A assinatura do termo foi realizada no s\u00e1bado, dia 15 de junho, no audit\u00f3rio da sede da Prefeitura, pelos representantes das duas cidades, os prefeitos Junior Marab\u00e1 e Orlando Fazzolari. <\/p>\n\n\n\n<p>Entre os objetivos firmados na parceria, est\u00e1 promover o interc\u00e2mbio cultural, hist\u00f3rico, educacional, lingu\u00edstico e econ\u00f4mico entre os dois munic\u00edpios. Al\u00e9m de facilitar a obten\u00e7\u00e3o da cidadania italiana para os moradores de Lu\u00eds Eduardo Magalh\u00e3es. <\/p>\n\n\n\n<figure class=\"wp-block-image size-large\"><img loading=\"lazy\" decoding=\"async\" width=\"1024\" height=\"110\" src=\"http:\/\/connectaoeste.com.br\/wp-content\/uploads\/2023\/11\/cropped-cropped-cropped-SITE-ID-001-10-1024x110.png\" alt=\"\" class=\"wp-image-563\" srcset=\"https:\/\/connectaoeste.com.br\/wp-content\/uploads\/2023\/11\/cropped-cropped-cropped-SITE-ID-001-10-1024x110.png 1024w, https:\/\/connectaoeste.com.br\/wp-content\/uploads\/2023\/11\/cropped-cropped-cropped-SITE-ID-001-10-300x32.png 300w, https:\/\/connectaoeste.com.br\/wp-content\/uploads\/2023\/11\/cropped-cropped-cropped-SITE-ID-001-10-768x83.png 768w, https:\/\/connectaoeste.com.br\/wp-content\/uploads\/2023\/11\/cropped-cropped-cropped-SITE-ID-001-10-1536x165.png 1536w, https:\/\/connectaoeste.com.br\/wp-content\/uploads\/2023\/11\/cropped-cropped-cropped-SITE-ID-001-10-2048x220.png 2048w, https:\/\/connectaoeste.com.br\/wp-content\/uploads\/2023\/11\/cropped-cropped-cropped-SITE-ID-001-10-200x21.png 200w\" sizes=\"auto, (max-width: 1024px) 100vw, 1024px\" \/><\/figure>\n\n\n\n<p>A bisneta de italianos Cris Bonini, que conquistou a sua dupla cidadania em Varapodio, foi fundamental no processo de constru\u00e7\u00e3o do projeto. \u201cCheguei na cidade sem falar a l\u00edngua, fui muito bem recebida, e quando voltei a Lu\u00eds Eduardo procurei o prefeito Junior Marab\u00e1 e ele foi muito receptivo a ideia\u201d, contou. <\/p>\n\n\n\n<p>Durante a assinatura do termo de coopera\u00e7\u00e3o, o prefeito de Varapodio, Orlando Fazzolari, lembrou as palavras do Papa Francisco sobre a import\u00e2ncia de \u2018construir pontes e derrubar muros\u2019, e de como a parceria ser\u00e1 importante para agilizar o processo da dupla cidadania de brasileiros. <\/p>\n\n\n\n<p>\u201cS\u00e3o 20 milh\u00f5es de descendentes de italianos no Brasil que buscam essa dupla cidadania e n\u00f3s encontramos a pessoa certa para fazer essa parceria, porque o prefeito Junior Marab\u00e1 ele \u00e9 uma pessoa que age com o intelecto, mas tamb\u00e9m com o cora\u00e7\u00e3o e essa \u00e9 a combina\u00e7\u00e3o perfeita para um gestor p\u00fablico\u201d, disse. <\/p>\n\n\n\n<figure class=\"wp-block-image size-large\"><img loading=\"lazy\" decoding=\"async\" width=\"1024\" height=\"110\" src=\"http:\/\/connectaoeste.com.br\/wp-content\/uploads\/2024\/03\/cropped-LEM-E-ESPORTE-BLOG-1500x200px-1024x110.jpg\" alt=\"\" class=\"wp-image-564\" srcset=\"https:\/\/connectaoeste.com.br\/wp-content\/uploads\/2024\/03\/cropped-LEM-E-ESPORTE-BLOG-1500x200px-1024x110.jpg 1024w, https:\/\/connectaoeste.com.br\/wp-content\/uploads\/2024\/03\/cropped-LEM-E-ESPORTE-BLOG-1500x200px-300x32.jpg 300w, https:\/\/connectaoeste.com.br\/wp-content\/uploads\/2024\/03\/cropped-LEM-E-ESPORTE-BLOG-1500x200px-768x82.jpg 768w, https:\/\/connectaoeste.com.br\/wp-content\/uploads\/2024\/03\/cropped-LEM-E-ESPORTE-BLOG-1500x200px-200x21.jpg 200w, https:\/\/connectaoeste.com.br\/wp-content\/uploads\/2024\/03\/cropped-LEM-E-ESPORTE-BLOG-1500x200px.jpg 1500w\" sizes=\"auto, (max-width: 1024px) 100vw, 1024px\" \/><\/figure>\n\n\n\n<p>O prefeito Junior Marab\u00e1 falou da import\u00e2ncia do acordo. \u201cNo ano passado uma comitiva nossa visitou a cidade de Varapodio, na It\u00e1lia, agora estamos recebendo os nossos amigos aqui em Lu\u00eds Eduardo Magalh\u00e3es e com a assinatura do termo de coopera\u00e7\u00e3o, essa parceria come\u00e7a de fato a ser efetivada, o que vai beneficiar muitos mun\u00edcipes de descend\u00eancia italiana\u201d, pontuou.- <\/p>\n\n\n\n<p>Maiores informa\u00e7\u00f5es, entrar em contato com Arielle Britto pelo telefone: (77) 99922-3997.<\/p>\n\n\n\n<p><strong>Connecta oeste<\/strong>.<\/p>\n\n\n\n<p><strong>Conectando voc\u00ea a informa\u00e7\u00e3o de qualidade!<\/strong><\/p>\n","protected":false},"excerpt":{"rendered":"<p>Lu\u00eds Eduardo Magalh\u00e3es firmou acordo de coopera\u00e7\u00e3o com a cidade italiana de Varapodio, por meio do Projeto Gemellaggio. A assinatura do termo foi realizada no s\u00e1bado, dia 15 de junho, no audit\u00f3rio da sede da Prefeitura, pelos representantes das duas cidades, os prefeitos Junior Marab\u00e1 e Orlando Fazzolari. Entre os objetivos firmados na parceria, est\u00e1 [&hellip;]<\/p>\n","protected":false},"author":1,"featured_media":737,"comment_status":"open","ping_status":"open","sticky":false,"template":"","format":"standard","meta":{"footnotes":""},"categories":[46,5,1],"tags":[],"class_list":["post-736","post","type-post","status-publish","format-standard","has-post-thumbnail","hentry","category-lem","category-noticias","category-politica"],"_links":{"self":[{"href":"https:\/\/connectaoeste.com.br\/index.php\/wp-json\/wp\/v2\/posts\/736","targetHints":{"allow":["GET"]}}],"collection":[{"href":"https:\/\/connectaoeste.com.br\/index.php\/wp-json\/wp\/v2\/posts"}],"about":[{"href":"https:\/\/connectaoeste.com.br\/index.php\/wp-json\/wp\/v2\/types\/post"}],"author":[{"embeddable":true,"href":"https:\/\/connectaoeste.com.br\/index.php\/wp-json\/wp\/v2\/users\/1"}],"replies":[{"embeddable":true,"href":"https:\/\/connectaoeste.com.br\/index.php\/wp-json\/wp\/v2\/comments?post=736"}],"version-history":[{"count":2,"href":"https:\/\/connectaoeste.com.br\/index.php\/wp-json\/wp\/v2\/posts\/736\/revisions"}],"predecessor-version":[{"id":739,"href":"https:\/\/connectaoeste.com.br\/index.php\/wp-json\/wp\/v2\/posts\/736\/revisions\/739"}],"wp:featuredmedia":[{"embeddable":true,"href":"https:\/\/connectaoeste.com.br\/index.php\/wp-json\/wp\/v2\/media\/737"}],"wp:attachment":[{"href":"https:\/\/connectaoeste.com.br\/index.php\/wp-json\/wp\/v2\/media?parent=736"}],"wp:term":[{"taxonomy":"category","embeddable":true,"href":"https:\/\/connectaoeste.com.br\/index.php\/wp-json\/wp\/v2\/categories?post=736"},{"taxonomy":"post_tag","embeddable":true,"href":"https:\/\/connectaoeste.com.br\/index.php\/wp-json\/wp\/v2\/tags?post=736"}],"curies":[{"name":"wp","href":"https:\/\/api.w.org\/{rel}","templated":true}]}}