{"id":772,"date":"2024-06-26T17:30:00","date_gmt":"2024-06-26T20:30:00","guid":{"rendered":"https:\/\/connectaoeste.com.br\/?p=772"},"modified":"2024-06-25T19:56:50","modified_gmt":"2024-06-25T22:56:50","slug":"cameras-de-reconhecimento-facial-auxiliam-na-prisao-de-seis-foragidos-durante-festas-juninas-na-bahia","status":"publish","type":"post","link":"https:\/\/connectaoeste.com.br\/index.php\/2024\/06\/26\/cameras-de-reconhecimento-facial-auxiliam-na-prisao-de-seis-foragidos-durante-festas-juninas-na-bahia\/","title":{"rendered":"C\u00e2meras de Reconhecimento Facial Auxiliam na Pris\u00e3o de Seis Foragidos Durante Festas Juninas na Bahia."},"content":{"rendered":"\n<p>As c\u00e2meras de reconhecimento facial instaladas para monitorar as \u00e1reas dos festejos juninos na Bahia j\u00e1 auxiliaram na pris\u00e3o de seis foragidos da Justi\u00e7a. De acordo com a Secretaria de Seguran\u00e7a P\u00fablica do Estado (SSP-BA), dois criminosos foram capturados na \u00e1rea do Pelourinho, em pontos monitorados pela ferramenta em Salvador, e os outros quatro no munic\u00edpio de Jequi\u00e9, na regi\u00e3o Sudoeste.<\/p>\n\n\n\n<figure class=\"wp-block-image size-large\"><img loading=\"lazy\" decoding=\"async\" width=\"1024\" height=\"110\" src=\"http:\/\/connectaoeste.com.br\/wp-content\/uploads\/2023\/11\/cropped-cropped-cropped-SITE-ID-001-10-1024x110.png\" alt=\"\" class=\"wp-image-563\" srcset=\"https:\/\/connectaoeste.com.br\/wp-content\/uploads\/2023\/11\/cropped-cropped-cropped-SITE-ID-001-10-1024x110.png 1024w, https:\/\/connectaoeste.com.br\/wp-content\/uploads\/2023\/11\/cropped-cropped-cropped-SITE-ID-001-10-300x32.png 300w, https:\/\/connectaoeste.com.br\/wp-content\/uploads\/2023\/11\/cropped-cropped-cropped-SITE-ID-001-10-768x83.png 768w, https:\/\/connectaoeste.com.br\/wp-content\/uploads\/2023\/11\/cropped-cropped-cropped-SITE-ID-001-10-1536x165.png 1536w, https:\/\/connectaoeste.com.br\/wp-content\/uploads\/2023\/11\/cropped-cropped-cropped-SITE-ID-001-10-2048x220.png 2048w, https:\/\/connectaoeste.com.br\/wp-content\/uploads\/2023\/11\/cropped-cropped-cropped-SITE-ID-001-10-200x21.png 200w\" sizes=\"auto, (max-width: 1024px) 100vw, 1024px\" \/><\/figure>\n\n\n\n<p>Os homens detidos eram procurados por crimes como homic\u00eddio, roubo, recepta\u00e7\u00e3o, al\u00e9m de um indiv\u00edduo que tinha um mandado expedido por n\u00e3o pagamento de pens\u00e3o. O S\u00e3o Jo\u00e3o da Bahia \u00e9 monitorado por equipes das Pol\u00edcias Civil, Militar e T\u00e9cnica, al\u00e9m do Corpo de Bombeiros. <\/p>\n\n\n\n<p>Ao todo, 22 mil agentes das For\u00e7as de Seguran\u00e7a atuam na capital, cidades da Regi\u00e3o Metropolitana e do interior do estado.Durante os festejos juninos, a SSP utiliza 104 c\u00e2meras de reconhecimento facial para auxiliar na captura de foragidos da Justi\u00e7a. Ao todo, s\u00e3o 454 c\u00e2meras posicionadas nos acessos das cidades e nos locais dos eventos, al\u00e9m de equipamentos instalados nos Portais de Abordagem, que garantem o acesso seguro \u00e0s festas.<\/p>\n\n\n\n<p><\/p>\n\n\n\n<figure class=\"wp-block-image size-large\"><img loading=\"lazy\" decoding=\"async\" width=\"1024\" height=\"117\" src=\"http:\/\/connectaoeste.com.br\/wp-content\/uploads\/2024\/06\/ARRAIA-DE-LEM-2024-BLOG-1140-X-130-px-1024x117.jpg\" alt=\"\" class=\"wp-image-755\" srcset=\"https:\/\/connectaoeste.com.br\/wp-content\/uploads\/2024\/06\/ARRAIA-DE-LEM-2024-BLOG-1140-X-130-px-1024x117.jpg 1024w, https:\/\/connectaoeste.com.br\/wp-content\/uploads\/2024\/06\/ARRAIA-DE-LEM-2024-BLOG-1140-X-130-px-300x34.jpg 300w, https:\/\/connectaoeste.com.br\/wp-content\/uploads\/2024\/06\/ARRAIA-DE-LEM-2024-BLOG-1140-X-130-px-768x88.jpg 768w, https:\/\/connectaoeste.com.br\/wp-content\/uploads\/2024\/06\/ARRAIA-DE-LEM-2024-BLOG-1140-X-130-px-1536x175.jpg 1536w, https:\/\/connectaoeste.com.br\/wp-content\/uploads\/2024\/06\/ARRAIA-DE-LEM-2024-BLOG-1140-X-130-px-2048x234.jpg 2048w, https:\/\/connectaoeste.com.br\/wp-content\/uploads\/2024\/06\/ARRAIA-DE-LEM-2024-BLOG-1140-X-130-px-200x23.jpg 200w\" sizes=\"auto, (max-width: 1024px) 100vw, 1024px\" \/><\/figure>\n\n\n\n<p><strong>Connecta oeste.<\/strong><\/p>\n\n\n\n<p><strong>Conectando voc\u00ea a informa\u00e7\u00e3o de qualidade!<\/strong><\/p>\n","protected":false},"excerpt":{"rendered":"<p>As c\u00e2meras de reconhecimento facial instaladas para monitorar as \u00e1reas dos festejos juninos na Bahia j\u00e1 auxiliaram na pris\u00e3o de seis foragidos da Justi\u00e7a. De acordo com a Secretaria de Seguran\u00e7a P\u00fablica do Estado (SSP-BA), dois criminosos foram capturados na \u00e1rea do Pelourinho, em pontos monitorados pela ferramenta em Salvador, e os outros quatro no [&hellip;]<\/p>\n","protected":false},"author":1,"featured_media":775,"comment_status":"open","ping_status":"open","sticky":false,"template":"","format":"standard","meta":{"footnotes":""},"categories":[7,63,5],"tags":[],"class_list":["post-772","post","type-post","status-publish","format-standard","has-post-thumbnail","hentry","category-bahia","category-festa","category-noticias"],"_links":{"self":[{"href":"https:\/\/connectaoeste.com.br\/index.php\/wp-json\/wp\/v2\/posts\/772","targetHints":{"allow":["GET"]}}],"collection":[{"href":"https:\/\/connectaoeste.com.br\/index.php\/wp-json\/wp\/v2\/posts"}],"about":[{"href":"https:\/\/connectaoeste.com.br\/index.php\/wp-json\/wp\/v2\/types\/post"}],"author":[{"embeddable":true,"href":"https:\/\/connectaoeste.com.br\/index.php\/wp-json\/wp\/v2\/users\/1"}],"replies":[{"embeddable":true,"href":"https:\/\/connectaoeste.com.br\/index.php\/wp-json\/wp\/v2\/comments?post=772"}],"version-history":[{"count":2,"href":"https:\/\/connectaoeste.com.br\/index.php\/wp-json\/wp\/v2\/posts\/772\/revisions"}],"predecessor-version":[{"id":776,"href":"https:\/\/connectaoeste.com.br\/index.php\/wp-json\/wp\/v2\/posts\/772\/revisions\/776"}],"wp:featuredmedia":[{"embeddable":true,"href":"https:\/\/connectaoeste.com.br\/index.php\/wp-json\/wp\/v2\/media\/775"}],"wp:attachment":[{"href":"https:\/\/connectaoeste.com.br\/index.php\/wp-json\/wp\/v2\/media?parent=772"}],"wp:term":[{"taxonomy":"category","embeddable":true,"href":"https:\/\/connectaoeste.com.br\/index.php\/wp-json\/wp\/v2\/categories?post=772"},{"taxonomy":"post_tag","embeddable":true,"href":"https:\/\/connectaoeste.com.br\/index.php\/wp-json\/wp\/v2\/tags?post=772"}],"curies":[{"name":"wp","href":"https:\/\/api.w.org\/{rel}","templated":true}]}}