{"id":780,"date":"2024-06-28T12:22:27","date_gmt":"2024-06-28T15:22:27","guid":{"rendered":"https:\/\/connectaoeste.com.br\/?p=780"},"modified":"2024-06-28T12:30:00","modified_gmt":"2024-06-28T15:30:00","slug":"pesquisa-eleitoral-em-correntina-mariano-correntina-lidera-com-47-das-intencoes-de-voto","status":"publish","type":"post","link":"https:\/\/connectaoeste.com.br\/index.php\/2024\/06\/28\/pesquisa-eleitoral-em-correntina-mariano-correntina-lidera-com-47-das-intencoes-de-voto\/","title":{"rendered":"Pesquisa Eleitoral em Correntina: Mariano Correntina Lidera com 57% das Inten\u00e7\u00f5es de Voto"},"content":{"rendered":"\n<p>Hoje foi divulgada a primeira pesquisa registrada na Justi\u00e7a Eleitoral que apura a inten\u00e7\u00e3o de votos dos eleitores de Correntina, cidade localizada a 933 km de Salvador e uma das for\u00e7as do agroneg\u00f3cio do Oeste da Bahia.<\/p>\n\n\n\n<p>De acordo com o levantamento, o pr\u00e9-candidato Mariano Correntina (Uni\u00e3o Brasil) lidera com 47% das inten\u00e7\u00f5es de votos, enquanto Pretinho (PCdoB), apoiado pelo atual prefeito Maguila, aparece com 35%. Os votos em outros candidatos, indecisos e que n\u00e3o responderam, somam 18%.<\/p>\n\n\n\n<figure class=\"wp-block-image size-large\"><img loading=\"lazy\" decoding=\"async\" width=\"1024\" height=\"110\" src=\"http:\/\/connectaoeste.com.br\/wp-content\/uploads\/2023\/11\/cropped-cropped-cropped-SITE-ID-001-10-1024x110.png\" alt=\"\" class=\"wp-image-563\" srcset=\"https:\/\/connectaoeste.com.br\/wp-content\/uploads\/2023\/11\/cropped-cropped-cropped-SITE-ID-001-10-1024x110.png 1024w, https:\/\/connectaoeste.com.br\/wp-content\/uploads\/2023\/11\/cropped-cropped-cropped-SITE-ID-001-10-300x32.png 300w, https:\/\/connectaoeste.com.br\/wp-content\/uploads\/2023\/11\/cropped-cropped-cropped-SITE-ID-001-10-768x83.png 768w, https:\/\/connectaoeste.com.br\/wp-content\/uploads\/2023\/11\/cropped-cropped-cropped-SITE-ID-001-10-1536x165.png 1536w, https:\/\/connectaoeste.com.br\/wp-content\/uploads\/2023\/11\/cropped-cropped-cropped-SITE-ID-001-10-2048x220.png 2048w, https:\/\/connectaoeste.com.br\/wp-content\/uploads\/2023\/11\/cropped-cropped-cropped-SITE-ID-001-10-200x21.png 200w\" sizes=\"auto, (max-width: 1024px) 100vw, 1024px\" \/><\/figure>\n\n\n\n<p>Quando questionados sobre em qual dos dois candidatos votariam, 50,39% dos entrevistados apontaram Mariano Correntina e 37,14% indicaram Pretinho de Maguila. Considerando apenas os votos v\u00e1lidos, que excluem indecisos, brancos e nulos, Mariano Correntina alcan\u00e7a 57,57%, contra 42,43% de Pretinho.<\/p>\n\n\n\n<p>A pesquisa tamb\u00e9m avaliou a rejei\u00e7\u00e3o dos candidatos. Pretinho de Maguila apresenta uma rejei\u00e7\u00e3o de 39,48%, influenciada pela heran\u00e7a dos votos do atual prefeito Maguila. Mariano Correntina tem uma rejei\u00e7\u00e3o menor, de 29,35%.<\/p>\n\n\n\n<figure class=\"wp-block-image size-large\"><img loading=\"lazy\" decoding=\"async\" width=\"1024\" height=\"117\" src=\"http:\/\/connectaoeste.com.br\/wp-content\/uploads\/2024\/06\/ARRAIA-DE-LEM-2024-BLOG-1140-X-130-px-1024x117.jpg\" alt=\"\" class=\"wp-image-755\" srcset=\"https:\/\/connectaoeste.com.br\/wp-content\/uploads\/2024\/06\/ARRAIA-DE-LEM-2024-BLOG-1140-X-130-px-1024x117.jpg 1024w, https:\/\/connectaoeste.com.br\/wp-content\/uploads\/2024\/06\/ARRAIA-DE-LEM-2024-BLOG-1140-X-130-px-300x34.jpg 300w, https:\/\/connectaoeste.com.br\/wp-content\/uploads\/2024\/06\/ARRAIA-DE-LEM-2024-BLOG-1140-X-130-px-768x88.jpg 768w, https:\/\/connectaoeste.com.br\/wp-content\/uploads\/2024\/06\/ARRAIA-DE-LEM-2024-BLOG-1140-X-130-px-1536x175.jpg 1536w, https:\/\/connectaoeste.com.br\/wp-content\/uploads\/2024\/06\/ARRAIA-DE-LEM-2024-BLOG-1140-X-130-px-2048x234.jpg 2048w, https:\/\/connectaoeste.com.br\/wp-content\/uploads\/2024\/06\/ARRAIA-DE-LEM-2024-BLOG-1140-X-130-px-200x23.jpg 200w\" sizes=\"auto, (max-width: 1024px) 100vw, 1024px\" \/><\/figure>\n\n\n\n<p>A pesquisa foi realizada pela Fernandes Consultoria Ltda., registrada na Justi\u00e7a Eleitoral sob o n\u00ba BA-00277\/2024. Foram entrevistadas 385 pessoas entre os dias 22 e 24 de junho. A margem de erro \u00e9 de 5,0%, para mais ou para menos, e a confiabilidade \u00e9 de 95%. A pesquisa foi contratada pela Letter Comunica\u00e7\u00e3o e Marketing Ltda.<\/p>\n\n\n\n<p><strong>Connecta oeste <\/strong>.<\/p>\n\n\n\n<p><strong>Conectando voc\u00ea a informa\u00e7\u00e3o de qualidade!<\/strong><\/p>\n","protected":false},"excerpt":{"rendered":"<p>Hoje foi divulgada a primeira pesquisa registrada na Justi\u00e7a Eleitoral que apura a inten\u00e7\u00e3o de votos dos eleitores de Correntina, cidade localizada a 933 km de Salvador e uma das for\u00e7as do agroneg\u00f3cio do Oeste da Bahia. De acordo com o levantamento, o pr\u00e9-candidato Mariano Correntina (Uni\u00e3o Brasil) lidera com 47% das inten\u00e7\u00f5es de votos, [&hellip;]<\/p>\n","protected":false},"author":1,"featured_media":781,"comment_status":"open","ping_status":"open","sticky":false,"template":"","format":"standard","meta":{"footnotes":""},"categories":[7,45,5,1],"tags":[],"class_list":["post-780","post","type-post","status-publish","format-standard","has-post-thumbnail","hentry","category-bahia","category-correntina","category-noticias","category-politica"],"_links":{"self":[{"href":"https:\/\/connectaoeste.com.br\/index.php\/wp-json\/wp\/v2\/posts\/780","targetHints":{"allow":["GET"]}}],"collection":[{"href":"https:\/\/connectaoeste.com.br\/index.php\/wp-json\/wp\/v2\/posts"}],"about":[{"href":"https:\/\/connectaoeste.com.br\/index.php\/wp-json\/wp\/v2\/types\/post"}],"author":[{"embeddable":true,"href":"https:\/\/connectaoeste.com.br\/index.php\/wp-json\/wp\/v2\/users\/1"}],"replies":[{"embeddable":true,"href":"https:\/\/connectaoeste.com.br\/index.php\/wp-json\/wp\/v2\/comments?post=780"}],"version-history":[{"count":3,"href":"https:\/\/connectaoeste.com.br\/index.php\/wp-json\/wp\/v2\/posts\/780\/revisions"}],"predecessor-version":[{"id":784,"href":"https:\/\/connectaoeste.com.br\/index.php\/wp-json\/wp\/v2\/posts\/780\/revisions\/784"}],"wp:featuredmedia":[{"embeddable":true,"href":"https:\/\/connectaoeste.com.br\/index.php\/wp-json\/wp\/v2\/media\/781"}],"wp:attachment":[{"href":"https:\/\/connectaoeste.com.br\/index.php\/wp-json\/wp\/v2\/media?parent=780"}],"wp:term":[{"taxonomy":"category","embeddable":true,"href":"https:\/\/connectaoeste.com.br\/index.php\/wp-json\/wp\/v2\/categories?post=780"},{"taxonomy":"post_tag","embeddable":true,"href":"https:\/\/connectaoeste.com.br\/index.php\/wp-json\/wp\/v2\/tags?post=780"}],"curies":[{"name":"wp","href":"https:\/\/api.w.org\/{rel}","templated":true}]}}