{"id":789,"date":"2024-07-01T13:21:38","date_gmt":"2024-07-01T16:21:38","guid":{"rendered":"https:\/\/connectaoeste.com.br\/?p=789"},"modified":"2024-07-06T17:54:31","modified_gmt":"2024-07-06T20:54:31","slug":"expansao-internacional-do-pcc-a-bahia-como-rota-estrategica","status":"publish","type":"post","link":"https:\/\/connectaoeste.com.br\/index.php\/2024\/07\/01\/expansao-internacional-do-pcc-a-bahia-como-rota-estrategica\/","title":{"rendered":"Expans\u00e3o Internacional do PCC: A Bahia como Rota Estrat\u00e9gica"},"content":{"rendered":"\n<h3 class=\"wp-block-heading\"><\/h3>\n\n\n\n<p>A maior fac\u00e7\u00e3o criminosa do Brasil, o Primeiro Comando da Capital (PCC), tem direcionado seus esfor\u00e7os para o com\u00e9rcio internacional, consolidando-se como a segunda maior organiza\u00e7\u00e3o no tr\u00e1fico de drogas transnacional. A Bahia, com seu extenso litoral de 1.100 km, tem sido usada estrategicamente pelo PCC para escoar narc\u00f3ticos para 121 pa\u00edses.<\/p>\n\n\n\n<figure class=\"wp-block-image size-large\"><img loading=\"lazy\" decoding=\"async\" width=\"1024\" height=\"110\" src=\"http:\/\/connectaoeste.com.br\/wp-content\/uploads\/2023\/11\/cropped-cropped-cropped-SITE-ID-001-10-1024x110.png\" alt=\"\" class=\"wp-image-563\" srcset=\"https:\/\/connectaoeste.com.br\/wp-content\/uploads\/2023\/11\/cropped-cropped-cropped-SITE-ID-001-10-1024x110.png 1024w, https:\/\/connectaoeste.com.br\/wp-content\/uploads\/2023\/11\/cropped-cropped-cropped-SITE-ID-001-10-300x32.png 300w, https:\/\/connectaoeste.com.br\/wp-content\/uploads\/2023\/11\/cropped-cropped-cropped-SITE-ID-001-10-768x83.png 768w, https:\/\/connectaoeste.com.br\/wp-content\/uploads\/2023\/11\/cropped-cropped-cropped-SITE-ID-001-10-1536x165.png 1536w, https:\/\/connectaoeste.com.br\/wp-content\/uploads\/2023\/11\/cropped-cropped-cropped-SITE-ID-001-10-2048x220.png 2048w, https:\/\/connectaoeste.com.br\/wp-content\/uploads\/2023\/11\/cropped-cropped-cropped-SITE-ID-001-10-200x21.png 200w\" sizes=\"auto, (max-width: 1024px) 100vw, 1024px\" \/><\/figure>\n\n\n\n<p>No estado, o PCC mant\u00e9m atividades nas unidades prisionais de Salvador, Feira de Santana, Itabuna, Teixeira de Freitas e Eun\u00e1polis. &#8220;As decis\u00f5es importantes da fac\u00e7\u00e3o, na maioria das vezes, s\u00e3o tomadas dentro dos pres\u00eddios, onde est\u00e3o algumas lideran\u00e7as&#8221;, informou um agente do Departamento Especializado de Investiga\u00e7\u00f5es Criminais (DEIC).<\/p>\n\n\n\n<figure class=\"wp-block-image size-large\"><img loading=\"lazy\" decoding=\"async\" width=\"1024\" height=\"117\" src=\"http:\/\/connectaoeste.com.br\/wp-content\/uploads\/2024\/06\/ARRAIA-DE-LEM-2024-BLOG-1140-X-130-px-1024x117.jpg\" alt=\"\" class=\"wp-image-755\" srcset=\"https:\/\/connectaoeste.com.br\/wp-content\/uploads\/2024\/06\/ARRAIA-DE-LEM-2024-BLOG-1140-X-130-px-1024x117.jpg 1024w, https:\/\/connectaoeste.com.br\/wp-content\/uploads\/2024\/06\/ARRAIA-DE-LEM-2024-BLOG-1140-X-130-px-300x34.jpg 300w, https:\/\/connectaoeste.com.br\/wp-content\/uploads\/2024\/06\/ARRAIA-DE-LEM-2024-BLOG-1140-X-130-px-768x88.jpg 768w, https:\/\/connectaoeste.com.br\/wp-content\/uploads\/2024\/06\/ARRAIA-DE-LEM-2024-BLOG-1140-X-130-px-1536x175.jpg 1536w, https:\/\/connectaoeste.com.br\/wp-content\/uploads\/2024\/06\/ARRAIA-DE-LEM-2024-BLOG-1140-X-130-px-2048x234.jpg 2048w, https:\/\/connectaoeste.com.br\/wp-content\/uploads\/2024\/06\/ARRAIA-DE-LEM-2024-BLOG-1140-X-130-px-200x23.jpg 200w\" sizes=\"auto, (max-width: 1024px) 100vw, 1024px\" \/><\/figure>\n\n\n\n<p>&#8220;O PCC n\u00e3o controla territ\u00f3rios, em nenhum lugar. Ele busca ter um controle e prote\u00e7\u00e3o dentro das pris\u00f5es e se aliar a gangues locais. O varejo e o controle territorial trazem grandes problemas, como a necessidade de corromper a pol\u00edcia e entrar em conflito com outros grupos. Eles nunca tiveram a pretens\u00e3o de exercer esse controle territorial&#8221;, explicou Bruno Paes Manso, pesquisador do N\u00facleo de Estudo da Viol\u00eancia da USP (NEV-USP), escritor e jornalista.<\/p>\n\n\n\n<p><strong>Connecta oeste<\/strong>.<\/p>\n\n\n\n<p><strong>Conectando voc\u00ea a informa\u00e7\u00e3o de qualidade!<\/strong><\/p>\n","protected":false},"excerpt":{"rendered":"<p>A maior fac\u00e7\u00e3o criminosa do Brasil, o Primeiro Comando da Capital (PCC), tem direcionado seus esfor\u00e7os para o com\u00e9rcio internacional, consolidando-se como a segunda maior organiza\u00e7\u00e3o no tr\u00e1fico de drogas transnacional. A Bahia, com seu extenso litoral de 1.100 km, tem sido usada estrategicamente pelo PCC para escoar narc\u00f3ticos para 121 pa\u00edses. No estado, o [&hellip;]<\/p>\n","protected":false},"author":1,"featured_media":790,"comment_status":"open","ping_status":"open","sticky":false,"template":"","format":"standard","meta":{"footnotes":""},"categories":[7,8,5],"tags":[],"class_list":["post-789","post","type-post","status-publish","format-standard","has-post-thumbnail","hentry","category-bahia","category-brasil","category-noticias"],"_links":{"self":[{"href":"https:\/\/connectaoeste.com.br\/index.php\/wp-json\/wp\/v2\/posts\/789","targetHints":{"allow":["GET"]}}],"collection":[{"href":"https:\/\/connectaoeste.com.br\/index.php\/wp-json\/wp\/v2\/posts"}],"about":[{"href":"https:\/\/connectaoeste.com.br\/index.php\/wp-json\/wp\/v2\/types\/post"}],"author":[{"embeddable":true,"href":"https:\/\/connectaoeste.com.br\/index.php\/wp-json\/wp\/v2\/users\/1"}],"replies":[{"embeddable":true,"href":"https:\/\/connectaoeste.com.br\/index.php\/wp-json\/wp\/v2\/comments?post=789"}],"version-history":[{"count":2,"href":"https:\/\/connectaoeste.com.br\/index.php\/wp-json\/wp\/v2\/posts\/789\/revisions"}],"predecessor-version":[{"id":792,"href":"https:\/\/connectaoeste.com.br\/index.php\/wp-json\/wp\/v2\/posts\/789\/revisions\/792"}],"wp:featuredmedia":[{"embeddable":true,"href":"https:\/\/connectaoeste.com.br\/index.php\/wp-json\/wp\/v2\/media\/790"}],"wp:attachment":[{"href":"https:\/\/connectaoeste.com.br\/index.php\/wp-json\/wp\/v2\/media?parent=789"}],"wp:term":[{"taxonomy":"category","embeddable":true,"href":"https:\/\/connectaoeste.com.br\/index.php\/wp-json\/wp\/v2\/categories?post=789"},{"taxonomy":"post_tag","embeddable":true,"href":"https:\/\/connectaoeste.com.br\/index.php\/wp-json\/wp\/v2\/tags?post=789"}],"curies":[{"name":"wp","href":"https:\/\/api.w.org\/{rel}","templated":true}]}}