{"id":793,"date":"2024-07-01T19:27:16","date_gmt":"2024-07-01T22:27:16","guid":{"rendered":"https:\/\/connectaoeste.com.br\/?p=793"},"modified":"2024-07-06T17:54:49","modified_gmt":"2024-07-06T20:54:49","slug":"multidao-marca-terceira-noite-do-arraia-de-lem-com-gusttavo-lima","status":"publish","type":"post","link":"https:\/\/connectaoeste.com.br\/index.php\/2024\/07\/01\/multidao-marca-terceira-noite-do-arraia-de-lem-com-gusttavo-lima\/","title":{"rendered":"Multid\u00e3o Marca Terceira Noite do Arrai\u00e1 de LEM com Gusttavo Lima"},"content":{"rendered":"\n<p>O bairro Santa Cruz ficou pequeno para as milhares de pessoas que curtiram a terceira noite do Arrai\u00e1 de Lu\u00eds Eduardo Magalh\u00e3es (LEM) neste domingo, 30 de junho. Cerca de 55 mil pessoas lotaram o espa\u00e7o de 48 mil metros quadrados para assistir ao show do Embaixador, Gusttavo Lima.<\/p>\n\n\n\n<p>Em um show de duas horas, que come\u00e7ou por volta das 18h, o cantor mineiro de 35 anos apresentou sucessos atuais e can\u00e7\u00f5es dos seus mais de 15 anos de carreira, incluindo &#8220;Balada&#8221;, &#8220;60 Segundos&#8221;, &#8220;Canudinho&#8221; e &#8220;Termina Comigo Antes&#8221;.<\/p>\n\n\n\n<figure class=\"wp-block-image size-large\"><img loading=\"lazy\" decoding=\"async\" width=\"1024\" height=\"117\" src=\"http:\/\/connectaoeste.com.br\/wp-content\/uploads\/2024\/06\/ARRAIA-DE-LEM-2024-BLOG-1140-X-130-px-1024x117.jpg\" alt=\"\" class=\"wp-image-755\" srcset=\"https:\/\/connectaoeste.com.br\/wp-content\/uploads\/2024\/06\/ARRAIA-DE-LEM-2024-BLOG-1140-X-130-px-1024x117.jpg 1024w, https:\/\/connectaoeste.com.br\/wp-content\/uploads\/2024\/06\/ARRAIA-DE-LEM-2024-BLOG-1140-X-130-px-300x34.jpg 300w, https:\/\/connectaoeste.com.br\/wp-content\/uploads\/2024\/06\/ARRAIA-DE-LEM-2024-BLOG-1140-X-130-px-768x88.jpg 768w, https:\/\/connectaoeste.com.br\/wp-content\/uploads\/2024\/06\/ARRAIA-DE-LEM-2024-BLOG-1140-X-130-px-1536x175.jpg 1536w, https:\/\/connectaoeste.com.br\/wp-content\/uploads\/2024\/06\/ARRAIA-DE-LEM-2024-BLOG-1140-X-130-px-2048x234.jpg 2048w, https:\/\/connectaoeste.com.br\/wp-content\/uploads\/2024\/06\/ARRAIA-DE-LEM-2024-BLOG-1140-X-130-px-200x23.jpg 200w\" sizes=\"auto, (max-width: 1024px) 100vw, 1024px\" \/><\/figure>\n\n\n\n<p>&#8220;\u00c9 sempre uma felicidade estar aqui nessa cidade t\u00e3o querida, e agora sendo a minha estreia na terceira edi\u00e7\u00e3o do Arrai\u00e1 de LEM, esse evento lindo, muito bem organizado. Est\u00e3o todos de parab\u00e9ns&#8221;, disse Gusttavo Lima.<\/p>\n\n\n\n<p>O Arrai\u00e1 de LEM, em sua terceira edi\u00e7\u00e3o, tem cumprido seus objetivos econ\u00f4micos. &#8220;Estamos assistindo a uma festa linda todos esses dias, mas hoje, com a presen\u00e7a do Embaixador, reunimos um p\u00fablico recorde com mais de 50 mil pessoas. Muito bom para os f\u00e3s dele e melhor ainda para os comerciantes do evento e da cidade&#8221;, comemorou o prefeito Junior Marab\u00e1.<\/p>\n\n\n\n<figure class=\"wp-block-image size-large\"><img loading=\"lazy\" decoding=\"async\" width=\"1024\" height=\"110\" src=\"http:\/\/connectaoeste.com.br\/wp-content\/uploads\/2024\/03\/cropped-LEM-E-ESPORTE-BLOG-1500x200px-1024x110.jpg\" alt=\"\" class=\"wp-image-564\" srcset=\"https:\/\/connectaoeste.com.br\/wp-content\/uploads\/2024\/03\/cropped-LEM-E-ESPORTE-BLOG-1500x200px-1024x110.jpg 1024w, https:\/\/connectaoeste.com.br\/wp-content\/uploads\/2024\/03\/cropped-LEM-E-ESPORTE-BLOG-1500x200px-300x32.jpg 300w, https:\/\/connectaoeste.com.br\/wp-content\/uploads\/2024\/03\/cropped-LEM-E-ESPORTE-BLOG-1500x200px-768x82.jpg 768w, https:\/\/connectaoeste.com.br\/wp-content\/uploads\/2024\/03\/cropped-LEM-E-ESPORTE-BLOG-1500x200px-200x21.jpg 200w, https:\/\/connectaoeste.com.br\/wp-content\/uploads\/2024\/03\/cropped-LEM-E-ESPORTE-BLOG-1500x200px.jpg 1500w\" sizes=\"auto, (max-width: 1024px) 100vw, 1024px\" \/><\/figure>\n\n\n\n<p>A noite de domingo tamb\u00e9m contou com o som eletr\u00f4nico, que mistura funk e pop, de Dennis DJ e a sofr\u00eancia de Biguinho Sensa\u00e7\u00e3o, completando a diversidade musical do evento.<\/p>\n\n\n\n<p><\/p>\n\n\n\n<p><strong>Connecta oeste<\/strong>.<\/p>\n\n\n\n<p><strong> Conectando voc\u00ea a informa\u00e7\u00e3o de qualidade!<\/strong><\/p>\n","protected":false},"excerpt":{"rendered":"<p>O bairro Santa Cruz ficou pequeno para as milhares de pessoas que curtiram a terceira noite do Arrai\u00e1 de Lu\u00eds Eduardo Magalh\u00e3es (LEM) neste domingo, 30 de junho. Cerca de 55 mil pessoas lotaram o espa\u00e7o de 48 mil metros quadrados para assistir ao show do Embaixador, Gusttavo Lima. Em um show de duas horas, [&hellip;]<\/p>\n","protected":false},"author":1,"featured_media":795,"comment_status":"open","ping_status":"open","sticky":false,"template":"","format":"standard","meta":{"footnotes":""},"categories":[7,62,63,46,5],"tags":[],"class_list":["post-793","post","type-post","status-publish","format-standard","has-post-thumbnail","hentry","category-bahia","category-evento","category-festa","category-lem","category-noticias"],"_links":{"self":[{"href":"https:\/\/connectaoeste.com.br\/index.php\/wp-json\/wp\/v2\/posts\/793","targetHints":{"allow":["GET"]}}],"collection":[{"href":"https:\/\/connectaoeste.com.br\/index.php\/wp-json\/wp\/v2\/posts"}],"about":[{"href":"https:\/\/connectaoeste.com.br\/index.php\/wp-json\/wp\/v2\/types\/post"}],"author":[{"embeddable":true,"href":"https:\/\/connectaoeste.com.br\/index.php\/wp-json\/wp\/v2\/users\/1"}],"replies":[{"embeddable":true,"href":"https:\/\/connectaoeste.com.br\/index.php\/wp-json\/wp\/v2\/comments?post=793"}],"version-history":[{"count":1,"href":"https:\/\/connectaoeste.com.br\/index.php\/wp-json\/wp\/v2\/posts\/793\/revisions"}],"predecessor-version":[{"id":796,"href":"https:\/\/connectaoeste.com.br\/index.php\/wp-json\/wp\/v2\/posts\/793\/revisions\/796"}],"wp:featuredmedia":[{"embeddable":true,"href":"https:\/\/connectaoeste.com.br\/index.php\/wp-json\/wp\/v2\/media\/795"}],"wp:attachment":[{"href":"https:\/\/connectaoeste.com.br\/index.php\/wp-json\/wp\/v2\/media?parent=793"}],"wp:term":[{"taxonomy":"category","embeddable":true,"href":"https:\/\/connectaoeste.com.br\/index.php\/wp-json\/wp\/v2\/categories?post=793"},{"taxonomy":"post_tag","embeddable":true,"href":"https:\/\/connectaoeste.com.br\/index.php\/wp-json\/wp\/v2\/tags?post=793"}],"curies":[{"name":"wp","href":"https:\/\/api.w.org\/{rel}","templated":true}]}}