{"id":797,"date":"2024-07-01T20:54:50","date_gmt":"2024-07-01T23:54:50","guid":{"rendered":"https:\/\/connectaoeste.com.br\/?p=797"},"modified":"2024-07-06T17:56:04","modified_gmt":"2024-07-06T20:56:04","slug":"inicio-das-romarias-do-santuario-em-bom-jesus-da-lapa","status":"publish","type":"post","link":"https:\/\/connectaoeste.com.br\/index.php\/2024\/07\/01\/inicio-das-romarias-do-santuario-em-bom-jesus-da-lapa\/","title":{"rendered":"In\u00edcio das Romarias do Santu\u00e1rio em Bom Jesus da Lapa"},"content":{"rendered":"\n<p>Nesta sexta-feira (5), tem in\u00edcio a 47\u00aa Romaria da Terra e das \u00c1guas na regi\u00e3o do Vale do Rio S\u00e3o Francisco, em Bom Jesus da Lapa. O evento, que atrai milhares de fi\u00e9is de diversas regi\u00f5es, ter\u00e1 como tema &#8220;M\u00e3os Dadas por Justi\u00e7a Socioambiental para Salvar a Casa Comum&#8221;. A romaria \u00e9 um momento de reflex\u00e3o e ora\u00e7\u00e3o.<\/p>\n\n\n\n<figure class=\"wp-block-image size-large\"><img loading=\"lazy\" decoding=\"async\" width=\"1024\" height=\"110\" src=\"http:\/\/connectaoeste.com.br\/wp-content\/uploads\/2024\/03\/cropped-LEM-E-ESPORTE-BLOG-1500x200px-1024x110.jpg\" alt=\"\" class=\"wp-image-564\" srcset=\"https:\/\/connectaoeste.com.br\/wp-content\/uploads\/2024\/03\/cropped-LEM-E-ESPORTE-BLOG-1500x200px-1024x110.jpg 1024w, https:\/\/connectaoeste.com.br\/wp-content\/uploads\/2024\/03\/cropped-LEM-E-ESPORTE-BLOG-1500x200px-300x32.jpg 300w, https:\/\/connectaoeste.com.br\/wp-content\/uploads\/2024\/03\/cropped-LEM-E-ESPORTE-BLOG-1500x200px-768x82.jpg 768w, https:\/\/connectaoeste.com.br\/wp-content\/uploads\/2024\/03\/cropped-LEM-E-ESPORTE-BLOG-1500x200px-200x21.jpg 200w, https:\/\/connectaoeste.com.br\/wp-content\/uploads\/2024\/03\/cropped-LEM-E-ESPORTE-BLOG-1500x200px.jpg 1500w\" sizes=\"auto, (max-width: 1024px) 100vw, 1024px\" \/><\/figure>\n\n\n\n<p>O evento se estender\u00e1 at\u00e9 domingo (7), proporcionando aos participantes tr\u00eas dias de intensa espiritualidade. A Romaria da Terra e das \u00c1guas \u00e9 um marco importante para a comunidade, pelo seu valor religioso. Este ano, espera-se um grande n\u00famero de participantes, refor\u00e7ando a relev\u00e2ncia da romaria para os devotos.<\/p>\n\n\n\n<figure class=\"wp-block-image size-large\"><img loading=\"lazy\" decoding=\"async\" width=\"1024\" height=\"110\" src=\"http:\/\/connectaoeste.com.br\/wp-content\/uploads\/2023\/11\/cropped-cropped-cropped-SITE-ID-001-10-1024x110.png\" alt=\"\" class=\"wp-image-563\" srcset=\"https:\/\/connectaoeste.com.br\/wp-content\/uploads\/2023\/11\/cropped-cropped-cropped-SITE-ID-001-10-1024x110.png 1024w, https:\/\/connectaoeste.com.br\/wp-content\/uploads\/2023\/11\/cropped-cropped-cropped-SITE-ID-001-10-300x32.png 300w, https:\/\/connectaoeste.com.br\/wp-content\/uploads\/2023\/11\/cropped-cropped-cropped-SITE-ID-001-10-768x83.png 768w, https:\/\/connectaoeste.com.br\/wp-content\/uploads\/2023\/11\/cropped-cropped-cropped-SITE-ID-001-10-1536x165.png 1536w, https:\/\/connectaoeste.com.br\/wp-content\/uploads\/2023\/11\/cropped-cropped-cropped-SITE-ID-001-10-2048x220.png 2048w, https:\/\/connectaoeste.com.br\/wp-content\/uploads\/2023\/11\/cropped-cropped-cropped-SITE-ID-001-10-200x21.png 200w\" sizes=\"auto, (max-width: 1024px) 100vw, 1024px\" \/><\/figure>\n\n\n\n<p><strong>Connecta oeste <\/strong><\/p>\n\n\n\n<p><strong>Conectando voc\u00ea a informa\u00e7\u00e3o de qualidade!<\/strong><\/p>\n","protected":false},"excerpt":{"rendered":"<p>Nesta sexta-feira (5), tem in\u00edcio a 47\u00aa Romaria da Terra e das \u00c1guas na regi\u00e3o do Vale do Rio S\u00e3o Francisco, em Bom Jesus da Lapa. O evento, que atrai milhares de fi\u00e9is de diversas regi\u00f5es, ter\u00e1 como tema &#8220;M\u00e3os Dadas por Justi\u00e7a Socioambiental para Salvar a Casa Comum&#8221;. A romaria \u00e9 um momento de [&hellip;]<\/p>\n","protected":false},"author":1,"featured_media":798,"comment_status":"open","ping_status":"open","sticky":false,"template":"","format":"standard","meta":{"footnotes":""},"categories":[7,65,62,68],"tags":[],"class_list":["post-797","post","type-post","status-publish","format-standard","has-post-thumbnail","hentry","category-bahia","category-bom-jesus-da-lapa","category-evento","category-religiosidade"],"_links":{"self":[{"href":"https:\/\/connectaoeste.com.br\/index.php\/wp-json\/wp\/v2\/posts\/797","targetHints":{"allow":["GET"]}}],"collection":[{"href":"https:\/\/connectaoeste.com.br\/index.php\/wp-json\/wp\/v2\/posts"}],"about":[{"href":"https:\/\/connectaoeste.com.br\/index.php\/wp-json\/wp\/v2\/types\/post"}],"author":[{"embeddable":true,"href":"https:\/\/connectaoeste.com.br\/index.php\/wp-json\/wp\/v2\/users\/1"}],"replies":[{"embeddable":true,"href":"https:\/\/connectaoeste.com.br\/index.php\/wp-json\/wp\/v2\/comments?post=797"}],"version-history":[{"count":2,"href":"https:\/\/connectaoeste.com.br\/index.php\/wp-json\/wp\/v2\/posts\/797\/revisions"}],"predecessor-version":[{"id":800,"href":"https:\/\/connectaoeste.com.br\/index.php\/wp-json\/wp\/v2\/posts\/797\/revisions\/800"}],"wp:featuredmedia":[{"embeddable":true,"href":"https:\/\/connectaoeste.com.br\/index.php\/wp-json\/wp\/v2\/media\/798"}],"wp:attachment":[{"href":"https:\/\/connectaoeste.com.br\/index.php\/wp-json\/wp\/v2\/media?parent=797"}],"wp:term":[{"taxonomy":"category","embeddable":true,"href":"https:\/\/connectaoeste.com.br\/index.php\/wp-json\/wp\/v2\/categories?post=797"},{"taxonomy":"post_tag","embeddable":true,"href":"https:\/\/connectaoeste.com.br\/index.php\/wp-json\/wp\/v2\/tags?post=797"}],"curies":[{"name":"wp","href":"https:\/\/api.w.org\/{rel}","templated":true}]}}