{"id":801,"date":"2024-07-02T08:58:32","date_gmt":"2024-07-02T11:58:32","guid":{"rendered":"https:\/\/connectaoeste.com.br\/?p=801"},"modified":"2024-07-06T17:55:07","modified_gmt":"2024-07-06T20:55:07","slug":"resultado-de-pesquisa-eleitoral-gera-grande-manifestacao-em-correntina","status":"publish","type":"post","link":"https:\/\/connectaoeste.com.br\/index.php\/2024\/07\/02\/resultado-de-pesquisa-eleitoral-gera-grande-manifestacao-em-correntina\/","title":{"rendered":"Resultado de Pesquisa Eleitoral Gera Grande Manifesta\u00e7\u00e3o em Correntina."},"content":{"rendered":"\n<h3 class=\"wp-block-heading\"><\/h3>\n\n\n\n<p>Ap\u00f3s a divulga\u00e7\u00e3o da pesquisa eleitoral realizada pela Fernandes Consultoria Ltda., que apontou a vit\u00f3ria do pr\u00e9-candidato a prefeito Mariano Correntina com 57% dos votos v\u00e1lidos, Correntina vivenciou uma grande manifesta\u00e7\u00e3o pol\u00edtica. O evento \u00e9 considerado por muitos como a maior manifesta\u00e7\u00e3o j\u00e1 feita na hist\u00f3ria da cidade<\/p>\n\n\n\n<figure class=\"wp-block-image size-large\"><img loading=\"lazy\" decoding=\"async\" width=\"1024\" height=\"110\" src=\"http:\/\/connectaoeste.com.br\/wp-content\/uploads\/2023\/11\/cropped-cropped-cropped-SITE-ID-001-10-1024x110.png\" alt=\"\" class=\"wp-image-563\" srcset=\"https:\/\/connectaoeste.com.br\/wp-content\/uploads\/2023\/11\/cropped-cropped-cropped-SITE-ID-001-10-1024x110.png 1024w, https:\/\/connectaoeste.com.br\/wp-content\/uploads\/2023\/11\/cropped-cropped-cropped-SITE-ID-001-10-300x32.png 300w, https:\/\/connectaoeste.com.br\/wp-content\/uploads\/2023\/11\/cropped-cropped-cropped-SITE-ID-001-10-768x83.png 768w, https:\/\/connectaoeste.com.br\/wp-content\/uploads\/2023\/11\/cropped-cropped-cropped-SITE-ID-001-10-1536x165.png 1536w, https:\/\/connectaoeste.com.br\/wp-content\/uploads\/2023\/11\/cropped-cropped-cropped-SITE-ID-001-10-2048x220.png 2048w, https:\/\/connectaoeste.com.br\/wp-content\/uploads\/2023\/11\/cropped-cropped-cropped-SITE-ID-001-10-200x21.png 200w\" sizes=\"auto, (max-width: 1024px) 100vw, 1024px\" \/><\/figure>\n\n\n\n<p>A disputa eleitoral deste ano tem como principais advers\u00e1rios Pretinho de Maguila, apoiado pelo tio e atual prefeito Nilson Maguila, e Mariano Correntina, um empres\u00e1rio atuante em diversos setores. A pesquisa indicou que Mariano Correntina lidera com uma margem significativa de apoio popular.<\/p>\n\n\n\n<p>A pesquisa provocou uma onda de manifesta\u00e7\u00f5es na cidade, demonstrando a forte mobiliza\u00e7\u00e3o e o engajamento da popula\u00e7\u00e3o em rela\u00e7\u00e3o ao futuro pol\u00edtico de Correntina. A manifesta\u00e7\u00e3o, que atraiu centenas de pessoas, reflete a crescente tens\u00e3o e a expectativa em torno da disputa municipal.<\/p>\n\n\n\n<figure class=\"wp-block-image size-large\"><img loading=\"lazy\" decoding=\"async\" width=\"1024\" height=\"117\" src=\"http:\/\/connectaoeste.com.br\/wp-content\/uploads\/2024\/06\/ARRAIA-DE-LEM-2024-BLOG-1140-X-130-px-1024x117.jpg\" alt=\"\" class=\"wp-image-755\" srcset=\"https:\/\/connectaoeste.com.br\/wp-content\/uploads\/2024\/06\/ARRAIA-DE-LEM-2024-BLOG-1140-X-130-px-1024x117.jpg 1024w, https:\/\/connectaoeste.com.br\/wp-content\/uploads\/2024\/06\/ARRAIA-DE-LEM-2024-BLOG-1140-X-130-px-300x34.jpg 300w, https:\/\/connectaoeste.com.br\/wp-content\/uploads\/2024\/06\/ARRAIA-DE-LEM-2024-BLOG-1140-X-130-px-768x88.jpg 768w, https:\/\/connectaoeste.com.br\/wp-content\/uploads\/2024\/06\/ARRAIA-DE-LEM-2024-BLOG-1140-X-130-px-1536x175.jpg 1536w, https:\/\/connectaoeste.com.br\/wp-content\/uploads\/2024\/06\/ARRAIA-DE-LEM-2024-BLOG-1140-X-130-px-2048x234.jpg 2048w, https:\/\/connectaoeste.com.br\/wp-content\/uploads\/2024\/06\/ARRAIA-DE-LEM-2024-BLOG-1140-X-130-px-200x23.jpg 200w\" sizes=\"auto, (max-width: 1024px) 100vw, 1024px\" \/><\/figure>\n\n\n\n<p>Com a elei\u00e7\u00e3o se aproximando, o cen\u00e1rio pol\u00edtico em Correntina se intensifica. A pesquisa da Fernandes Consultoria Ltda. n\u00e3o s\u00f3 destacou a lideran\u00e7a de Mariano Correntina, mas tamb\u00e9m impulsionou um dos maiores atos pol\u00edticos j\u00e1 registrados na cidade, sinalizando uma campanha acirrada at\u00e9 o dia da vota\u00e7\u00e3o.<\/p>\n\n\n\n<p><strong>Connecta oeste<\/strong>.<\/p>\n\n\n\n<p><strong>Conectando voc\u00ea a informa\u00e7\u00e3o de qualidade!<\/strong><\/p>\n","protected":false},"excerpt":{"rendered":"<p>Ap\u00f3s a divulga\u00e7\u00e3o da pesquisa eleitoral realizada pela Fernandes Consultoria Ltda., que apontou a vit\u00f3ria do pr\u00e9-candidato a prefeito Mariano Correntina com 57% dos votos v\u00e1lidos, Correntina vivenciou uma grande manifesta\u00e7\u00e3o pol\u00edtica. O evento \u00e9 considerado por muitos como a maior manifesta\u00e7\u00e3o j\u00e1 feita na hist\u00f3ria da cidade A disputa eleitoral deste ano tem como [&hellip;]<\/p>\n","protected":false},"author":1,"featured_media":802,"comment_status":"open","ping_status":"open","sticky":false,"template":"","format":"standard","meta":{"footnotes":""},"categories":[7,45,62,5,1],"tags":[],"class_list":["post-801","post","type-post","status-publish","format-standard","has-post-thumbnail","hentry","category-bahia","category-correntina","category-evento","category-noticias","category-politica"],"_links":{"self":[{"href":"https:\/\/connectaoeste.com.br\/index.php\/wp-json\/wp\/v2\/posts\/801","targetHints":{"allow":["GET"]}}],"collection":[{"href":"https:\/\/connectaoeste.com.br\/index.php\/wp-json\/wp\/v2\/posts"}],"about":[{"href":"https:\/\/connectaoeste.com.br\/index.php\/wp-json\/wp\/v2\/types\/post"}],"author":[{"embeddable":true,"href":"https:\/\/connectaoeste.com.br\/index.php\/wp-json\/wp\/v2\/users\/1"}],"replies":[{"embeddable":true,"href":"https:\/\/connectaoeste.com.br\/index.php\/wp-json\/wp\/v2\/comments?post=801"}],"version-history":[{"count":2,"href":"https:\/\/connectaoeste.com.br\/index.php\/wp-json\/wp\/v2\/posts\/801\/revisions"}],"predecessor-version":[{"id":804,"href":"https:\/\/connectaoeste.com.br\/index.php\/wp-json\/wp\/v2\/posts\/801\/revisions\/804"}],"wp:featuredmedia":[{"embeddable":true,"href":"https:\/\/connectaoeste.com.br\/index.php\/wp-json\/wp\/v2\/media\/802"}],"wp:attachment":[{"href":"https:\/\/connectaoeste.com.br\/index.php\/wp-json\/wp\/v2\/media?parent=801"}],"wp:term":[{"taxonomy":"category","embeddable":true,"href":"https:\/\/connectaoeste.com.br\/index.php\/wp-json\/wp\/v2\/categories?post=801"},{"taxonomy":"post_tag","embeddable":true,"href":"https:\/\/connectaoeste.com.br\/index.php\/wp-json\/wp\/v2\/tags?post=801"}],"curies":[{"name":"wp","href":"https:\/\/api.w.org\/{rel}","templated":true}]}}