{"id":812,"date":"2024-07-05T10:26:53","date_gmt":"2024-07-05T13:26:53","guid":{"rendered":"https:\/\/connectaoeste.com.br\/?p=812"},"modified":"2024-07-06T17:53:52","modified_gmt":"2024-07-06T20:53:52","slug":"prefeito-de-posse-helder-silva-bonfim-retorna-ao-cargo-apos-decisao-judicial","status":"publish","type":"post","link":"https:\/\/connectaoeste.com.br\/index.php\/2024\/07\/05\/prefeito-de-posse-helder-silva-bonfim-retorna-ao-cargo-apos-decisao-judicial\/","title":{"rendered":"Prefeito de Posse, Helder Silva Bonfim, Retorna ao Cargo Ap\u00f3s Decis\u00e3o Judicial"},"content":{"rendered":"\n<p>O prefeito de Posse, Helder Silva Bonfim, do Uni\u00e3o Brasil, reassumir\u00e1 seu cargo ap\u00f3s ser afastado pela C\u00e2mara Municipal sob acusa\u00e7\u00e3o de n\u00e3o pagar emendas dos vereadores. Helder, que tamb\u00e9m \u00e9 m\u00e9dico, foi destitu\u00eddo no dia 12 de junho, e seu vice, Osmar J\u00fanior, assumiu a prefeitura no dia seguinte. No entanto, uma decis\u00e3o da desembargadora Sandra Regina Teodoro Reis, tomada na quinta-feira, dia 4, permite que Dr. Helder retorne ao comando da maior cidade da regi\u00e3o da BR-020, na divisa com a Bahia.<\/p>\n\n\n\n<figure class=\"wp-block-image size-large\"><img loading=\"lazy\" decoding=\"async\" width=\"1024\" height=\"110\" src=\"http:\/\/connectaoeste.com.br\/wp-content\/uploads\/2023\/11\/cropped-cropped-cropped-SITE-ID-001-10-1024x110.png\" alt=\"\" class=\"wp-image-563\" srcset=\"https:\/\/connectaoeste.com.br\/wp-content\/uploads\/2023\/11\/cropped-cropped-cropped-SITE-ID-001-10-1024x110.png 1024w, https:\/\/connectaoeste.com.br\/wp-content\/uploads\/2023\/11\/cropped-cropped-cropped-SITE-ID-001-10-300x32.png 300w, https:\/\/connectaoeste.com.br\/wp-content\/uploads\/2023\/11\/cropped-cropped-cropped-SITE-ID-001-10-768x83.png 768w, https:\/\/connectaoeste.com.br\/wp-content\/uploads\/2023\/11\/cropped-cropped-cropped-SITE-ID-001-10-1536x165.png 1536w, https:\/\/connectaoeste.com.br\/wp-content\/uploads\/2023\/11\/cropped-cropped-cropped-SITE-ID-001-10-2048x220.png 2048w, https:\/\/connectaoeste.com.br\/wp-content\/uploads\/2023\/11\/cropped-cropped-cropped-SITE-ID-001-10-200x21.png 200w\" sizes=\"auto, (max-width: 1024px) 100vw, 1024px\" \/><\/figure>\n\n\n\n<p>Helder Bonfim, que surpreendeu nas elei\u00e7\u00f5es de 2020, enfrentou dificuldades no Parlamento local, onde conta com o apoio de apenas um dos 13 vereadores. Essa falta de apoio foi determinante em sua cassa\u00e7\u00e3o, decis\u00e3o que foi revertida pelo Tribunal de Justi\u00e7a de Goi\u00e1s.<\/p>\n\n\n\n<p>Segundo o vereador Andr\u00e9 Luiz Marques de Brito, do MDB, Helder havia \u201centrado com oito recursos e perdido todas as decis\u00f5es\u201d. Contudo, a defesa do prefeito foi assumida pelo escrit\u00f3rio Dem\u00f3stenes Torres Advogados, com a participa\u00e7\u00e3o do ex-senador e ex-procurador Dem\u00f3stenes Torres, seu s\u00f3cio Caio Alc\u00e2ntara Pires Martins e \u00c1lvaro Cesar.<\/p>\n\n\n\n<figure class=\"wp-block-image size-large\"><img loading=\"lazy\" decoding=\"async\" width=\"1024\" height=\"110\" src=\"http:\/\/connectaoeste.com.br\/wp-content\/uploads\/2024\/03\/cropped-LEM-E-ESPORTE-BLOG-1500x200px-1024x110.jpg\" alt=\"\" class=\"wp-image-564\" srcset=\"https:\/\/connectaoeste.com.br\/wp-content\/uploads\/2024\/03\/cropped-LEM-E-ESPORTE-BLOG-1500x200px-1024x110.jpg 1024w, https:\/\/connectaoeste.com.br\/wp-content\/uploads\/2024\/03\/cropped-LEM-E-ESPORTE-BLOG-1500x200px-300x32.jpg 300w, https:\/\/connectaoeste.com.br\/wp-content\/uploads\/2024\/03\/cropped-LEM-E-ESPORTE-BLOG-1500x200px-768x82.jpg 768w, https:\/\/connectaoeste.com.br\/wp-content\/uploads\/2024\/03\/cropped-LEM-E-ESPORTE-BLOG-1500x200px-200x21.jpg 200w, https:\/\/connectaoeste.com.br\/wp-content\/uploads\/2024\/03\/cropped-LEM-E-ESPORTE-BLOG-1500x200px.jpg 1500w\" sizes=\"auto, (max-width: 1024px) 100vw, 1024px\" \/><\/figure>\n\n\n\n<p>Com a decis\u00e3o judicial favor\u00e1vel, Helder Bonfim est\u00e1 apto a reassumir suas fun\u00e7\u00f5es e continuar sua gest\u00e3o na cidade de Posse, enfrentando agora o desafio de governar com um Legislativo predominantemente opositor.<\/p>\n\n\n\n<p><strong>Connecta oeste. <\/strong><\/p>\n\n\n\n<p><strong>Conectando voc\u00ea a informa\u00e7\u00e3o de qualidade!<\/strong><\/p>\n","protected":false},"excerpt":{"rendered":"<p>O prefeito de Posse, Helder Silva Bonfim, do Uni\u00e3o Brasil, reassumir\u00e1 seu cargo ap\u00f3s ser afastado pela C\u00e2mara Municipal sob acusa\u00e7\u00e3o de n\u00e3o pagar emendas dos vereadores. Helder, que tamb\u00e9m \u00e9 m\u00e9dico, foi destitu\u00eddo no dia 12 de junho, e seu vice, Osmar J\u00fanior, assumiu a prefeitura no dia seguinte. No entanto, uma decis\u00e3o da [&hellip;]<\/p>\n","protected":false},"author":1,"featured_media":813,"comment_status":"open","ping_status":"open","sticky":false,"template":"","format":"standard","meta":{"footnotes":""},"categories":[8,5,1,59],"tags":[],"class_list":["post-812","post","type-post","status-publish","format-standard","has-post-thumbnail","hentry","category-brasil","category-noticias","category-politica","category-posse"],"_links":{"self":[{"href":"https:\/\/connectaoeste.com.br\/index.php\/wp-json\/wp\/v2\/posts\/812","targetHints":{"allow":["GET"]}}],"collection":[{"href":"https:\/\/connectaoeste.com.br\/index.php\/wp-json\/wp\/v2\/posts"}],"about":[{"href":"https:\/\/connectaoeste.com.br\/index.php\/wp-json\/wp\/v2\/types\/post"}],"author":[{"embeddable":true,"href":"https:\/\/connectaoeste.com.br\/index.php\/wp-json\/wp\/v2\/users\/1"}],"replies":[{"embeddable":true,"href":"https:\/\/connectaoeste.com.br\/index.php\/wp-json\/wp\/v2\/comments?post=812"}],"version-history":[{"count":2,"href":"https:\/\/connectaoeste.com.br\/index.php\/wp-json\/wp\/v2\/posts\/812\/revisions"}],"predecessor-version":[{"id":815,"href":"https:\/\/connectaoeste.com.br\/index.php\/wp-json\/wp\/v2\/posts\/812\/revisions\/815"}],"wp:featuredmedia":[{"embeddable":true,"href":"https:\/\/connectaoeste.com.br\/index.php\/wp-json\/wp\/v2\/media\/813"}],"wp:attachment":[{"href":"https:\/\/connectaoeste.com.br\/index.php\/wp-json\/wp\/v2\/media?parent=812"}],"wp:term":[{"taxonomy":"category","embeddable":true,"href":"https:\/\/connectaoeste.com.br\/index.php\/wp-json\/wp\/v2\/categories?post=812"},{"taxonomy":"post_tag","embeddable":true,"href":"https:\/\/connectaoeste.com.br\/index.php\/wp-json\/wp\/v2\/tags?post=812"}],"curies":[{"name":"wp","href":"https:\/\/api.w.org\/{rel}","templated":true}]}}