{"id":816,"date":"2024-07-05T14:55:31","date_gmt":"2024-07-05T17:55:31","guid":{"rendered":"https:\/\/connectaoeste.com.br\/?p=816"},"modified":"2024-07-06T17:55:34","modified_gmt":"2024-07-06T20:55:34","slug":"tremor-de-terra-de-1-9-mr-e-registrado-em-jaguarari-na-bahia","status":"publish","type":"post","link":"https:\/\/connectaoeste.com.br\/index.php\/2024\/07\/05\/tremor-de-terra-de-1-9-mr-e-registrado-em-jaguarari-na-bahia\/","title":{"rendered":"Tremor de Terra de 1.9 mR \u00e9 Registrado em Jaguarari, na Bahia"},"content":{"rendered":"\n<p><\/p>\n\n\n\n<p>Na madrugada desta sexta-feira, 5, o Laborat\u00f3rio Sismol\u00f3gico da Universidade Federal do Rio Grande do Norte (UFRN) registrou um tremor de terra no munic\u00edpio de Jaguarari, localizado a 412 km de Salvador. O evento s\u00edsmico ocorreu \u00e0s 00h54 (hor\u00e1rio de Bras\u00edlia) e teve magnitude preliminar de 1.9 mR. Moradores relataram nas redes sociais que as janelas de suas casas chegaram a balan\u00e7ar durante o tremor.<\/p>\n\n\n\n<figure class=\"wp-block-image size-large\"><img loading=\"lazy\" decoding=\"async\" width=\"1024\" height=\"110\" src=\"http:\/\/connectaoeste.com.br\/wp-content\/uploads\/2023\/11\/cropped-cropped-cropped-SITE-ID-001-10-1024x110.png\" alt=\"\" class=\"wp-image-563\" srcset=\"https:\/\/connectaoeste.com.br\/wp-content\/uploads\/2023\/11\/cropped-cropped-cropped-SITE-ID-001-10-1024x110.png 1024w, https:\/\/connectaoeste.com.br\/wp-content\/uploads\/2023\/11\/cropped-cropped-cropped-SITE-ID-001-10-300x32.png 300w, https:\/\/connectaoeste.com.br\/wp-content\/uploads\/2023\/11\/cropped-cropped-cropped-SITE-ID-001-10-768x83.png 768w, https:\/\/connectaoeste.com.br\/wp-content\/uploads\/2023\/11\/cropped-cropped-cropped-SITE-ID-001-10-1536x165.png 1536w, https:\/\/connectaoeste.com.br\/wp-content\/uploads\/2023\/11\/cropped-cropped-cropped-SITE-ID-001-10-2048x220.png 2048w, https:\/\/connectaoeste.com.br\/wp-content\/uploads\/2023\/11\/cropped-cropped-cropped-SITE-ID-001-10-200x21.png 200w\" sizes=\"auto, (max-width: 1024px) 100vw, 1024px\" \/><\/figure>\n\n\n\n<p>O LabSis\/UFRN informou que continua monitorando e divulgando toda atividade s\u00edsmica na Bahia e em toda a regi\u00e3o Nordeste do pa\u00eds. Em maio deste ano, Jaguarari tamb\u00e9m foi afetada por uma s\u00e9rie de tremores. No dia 23 de maio, o munic\u00edpio registrou um total de 88 eventos s\u00edsmicos entre 6h37 e 18h40, de acordo com informa\u00e7\u00f5es do Laborat\u00f3rio Sismol\u00f3gico.A ocorr\u00eancia desses tremores destaca a necessidade de vigil\u00e2ncia constante e de medidas preventivas para garantir a seguran\u00e7a da popula\u00e7\u00e3o local.<\/p>\n\n\n\n<p><strong>Connecta oeste <\/strong><\/p>\n\n\n\n<p><strong>Conectando voc\u00ea a informa\u00e7\u00e3o de qualidade!<\/strong><\/p>\n","protected":false},"excerpt":{"rendered":"<p>Na madrugada desta sexta-feira, 5, o Laborat\u00f3rio Sismol\u00f3gico da Universidade Federal do Rio Grande do Norte (UFRN) registrou um tremor de terra no munic\u00edpio de Jaguarari, localizado a 412 km de Salvador. O evento s\u00edsmico ocorreu \u00e0s 00h54 (hor\u00e1rio de Bras\u00edlia) e teve magnitude preliminar de 1.9 mR. Moradores relataram nas redes sociais que as [&hellip;]<\/p>\n","protected":false},"author":1,"featured_media":817,"comment_status":"open","ping_status":"open","sticky":false,"template":"","format":"standard","meta":{"footnotes":""},"categories":[7,8,5],"tags":[],"class_list":["post-816","post","type-post","status-publish","format-standard","has-post-thumbnail","hentry","category-bahia","category-brasil","category-noticias"],"_links":{"self":[{"href":"https:\/\/connectaoeste.com.br\/index.php\/wp-json\/wp\/v2\/posts\/816","targetHints":{"allow":["GET"]}}],"collection":[{"href":"https:\/\/connectaoeste.com.br\/index.php\/wp-json\/wp\/v2\/posts"}],"about":[{"href":"https:\/\/connectaoeste.com.br\/index.php\/wp-json\/wp\/v2\/types\/post"}],"author":[{"embeddable":true,"href":"https:\/\/connectaoeste.com.br\/index.php\/wp-json\/wp\/v2\/users\/1"}],"replies":[{"embeddable":true,"href":"https:\/\/connectaoeste.com.br\/index.php\/wp-json\/wp\/v2\/comments?post=816"}],"version-history":[{"count":2,"href":"https:\/\/connectaoeste.com.br\/index.php\/wp-json\/wp\/v2\/posts\/816\/revisions"}],"predecessor-version":[{"id":819,"href":"https:\/\/connectaoeste.com.br\/index.php\/wp-json\/wp\/v2\/posts\/816\/revisions\/819"}],"wp:featuredmedia":[{"embeddable":true,"href":"https:\/\/connectaoeste.com.br\/index.php\/wp-json\/wp\/v2\/media\/817"}],"wp:attachment":[{"href":"https:\/\/connectaoeste.com.br\/index.php\/wp-json\/wp\/v2\/media?parent=816"}],"wp:term":[{"taxonomy":"category","embeddable":true,"href":"https:\/\/connectaoeste.com.br\/index.php\/wp-json\/wp\/v2\/categories?post=816"},{"taxonomy":"post_tag","embeddable":true,"href":"https:\/\/connectaoeste.com.br\/index.php\/wp-json\/wp\/v2\/tags?post=816"}],"curies":[{"name":"wp","href":"https:\/\/api.w.org\/{rel}","templated":true}]}}