{"id":824,"date":"2024-07-06T18:09:14","date_gmt":"2024-07-06T21:09:14","guid":{"rendered":"https:\/\/connectaoeste.com.br\/?p=824"},"modified":"2024-07-06T18:09:14","modified_gmt":"2024-07-06T21:09:14","slug":"prefeito-de-barra-do-mendes-tem-mandato-cassado-pela-camara-municipal","status":"publish","type":"post","link":"https:\/\/connectaoeste.com.br\/index.php\/2024\/07\/06\/prefeito-de-barra-do-mendes-tem-mandato-cassado-pela-camara-municipal\/","title":{"rendered":"Prefeito de Barra do Mendes Tem Mandato Cassado pela C\u00e2mara Municipal"},"content":{"rendered":"\n<p>Na noite desta quinta-feira (4), a C\u00e2mara Municipal de Barra do Mendes aprovou a cassa\u00e7\u00e3o do mandato do prefeito Tonho de Napo (PSD) por sete votos favor\u00e1veis e dois contr\u00e1rios. A decis\u00e3o foi tomada em raz\u00e3o de infra\u00e7\u00f5es pol\u00edtico-administrativas atribu\u00eddas ao prefeito. Com isso, o vice-prefeito Sim\u00e3o Rodrigues Franca assumir\u00e1 a titularidade do Poder Executivo em sess\u00e3o marcada para a pr\u00f3xima segunda-feira (8).<\/p>\n\n\n\n<p>Na v\u00e9spera da sess\u00e3o, Tonho de Napo tentou suspender a vota\u00e7\u00e3o por meio de um Mandado de Seguran\u00e7a, alegando supostos v\u00edcios no processo de cassa\u00e7\u00e3o. No entanto, o ju\u00edzo de Barra do Mendes indeferiu o pedido liminar, afirmando que n\u00e3o havia evid\u00eancias de irregularidades nos atos do Legislativo.<\/p>\n\n\n\n<figure class=\"wp-block-image size-large\"><img loading=\"lazy\" decoding=\"async\" width=\"1024\" height=\"110\" src=\"http:\/\/connectaoeste.com.br\/wp-content\/uploads\/2023\/11\/cropped-cropped-cropped-SITE-ID-001-10-1024x110.png\" alt=\"\" class=\"wp-image-563\" srcset=\"https:\/\/connectaoeste.com.br\/wp-content\/uploads\/2023\/11\/cropped-cropped-cropped-SITE-ID-001-10-1024x110.png 1024w, https:\/\/connectaoeste.com.br\/wp-content\/uploads\/2023\/11\/cropped-cropped-cropped-SITE-ID-001-10-300x32.png 300w, https:\/\/connectaoeste.com.br\/wp-content\/uploads\/2023\/11\/cropped-cropped-cropped-SITE-ID-001-10-768x83.png 768w, https:\/\/connectaoeste.com.br\/wp-content\/uploads\/2023\/11\/cropped-cropped-cropped-SITE-ID-001-10-1536x165.png 1536w, https:\/\/connectaoeste.com.br\/wp-content\/uploads\/2023\/11\/cropped-cropped-cropped-SITE-ID-001-10-2048x220.png 2048w, https:\/\/connectaoeste.com.br\/wp-content\/uploads\/2023\/11\/cropped-cropped-cropped-SITE-ID-001-10-200x21.png 200w\" sizes=\"auto, (max-width: 1024px) 100vw, 1024px\" \/><\/figure>\n\n\n\n<p>A cassa\u00e7\u00e3o do prefeito teve origem em uma den\u00fancia apresentada \u00e0 C\u00e2mara em mar\u00e7o deste ano pelo advogado Cl\u00e1udio Vitor Figueiredo. A den\u00fancia alegava &#8220;sucessivos descumprimentos do dever de publicar os atos legislativos devidamente aprovados pela C\u00e2mara Municipal, bem como o descumprimento quanto ao correto adimplemento das verbas previdenci\u00e1rias por parte do Munic\u00edpio&#8221;. Essas a\u00e7\u00f5es violariam o artigo 4 do Decreto-Lei 201\/1967, configurando infra\u00e7\u00f5es pol\u00edtico-administrativas que justificam a cassa\u00e7\u00e3o do mandato.<\/p>\n\n\n\n<p> Com a cassa\u00e7\u00e3o de Tonho de Napo, Sim\u00e3o Rodrigues Franca se prepara para assumir o cargo de prefeito, trazendo consigo a responsabilidade de resolver as quest\u00f5es administrativas e restabelecer a normalidade no governo municipal.<\/p>\n\n\n\n<p><strong>Connecta oeste <\/strong><\/p>\n\n\n\n<p><strong>Conectando voc\u00ea a informa\u00e7\u00e3o de qualidade!<\/strong><\/p>\n","protected":false},"excerpt":{"rendered":"<p>Na noite desta quinta-feira (4), a C\u00e2mara Municipal de Barra do Mendes aprovou a cassa\u00e7\u00e3o do mandato do prefeito Tonho de Napo (PSD) por sete votos favor\u00e1veis e dois contr\u00e1rios. A decis\u00e3o foi tomada em raz\u00e3o de infra\u00e7\u00f5es pol\u00edtico-administrativas atribu\u00eddas ao prefeito. Com isso, o vice-prefeito Sim\u00e3o Rodrigues Franca assumir\u00e1 a titularidade do Poder Executivo [&hellip;]<\/p>\n","protected":false},"author":1,"featured_media":825,"comment_status":"open","ping_status":"open","sticky":false,"template":"","format":"standard","meta":{"footnotes":""},"categories":[7,5,1],"tags":[],"class_list":["post-824","post","type-post","status-publish","format-standard","has-post-thumbnail","hentry","category-bahia","category-noticias","category-politica"],"_links":{"self":[{"href":"https:\/\/connectaoeste.com.br\/index.php\/wp-json\/wp\/v2\/posts\/824","targetHints":{"allow":["GET"]}}],"collection":[{"href":"https:\/\/connectaoeste.com.br\/index.php\/wp-json\/wp\/v2\/posts"}],"about":[{"href":"https:\/\/connectaoeste.com.br\/index.php\/wp-json\/wp\/v2\/types\/post"}],"author":[{"embeddable":true,"href":"https:\/\/connectaoeste.com.br\/index.php\/wp-json\/wp\/v2\/users\/1"}],"replies":[{"embeddable":true,"href":"https:\/\/connectaoeste.com.br\/index.php\/wp-json\/wp\/v2\/comments?post=824"}],"version-history":[{"count":1,"href":"https:\/\/connectaoeste.com.br\/index.php\/wp-json\/wp\/v2\/posts\/824\/revisions"}],"predecessor-version":[{"id":826,"href":"https:\/\/connectaoeste.com.br\/index.php\/wp-json\/wp\/v2\/posts\/824\/revisions\/826"}],"wp:featuredmedia":[{"embeddable":true,"href":"https:\/\/connectaoeste.com.br\/index.php\/wp-json\/wp\/v2\/media\/825"}],"wp:attachment":[{"href":"https:\/\/connectaoeste.com.br\/index.php\/wp-json\/wp\/v2\/media?parent=824"}],"wp:term":[{"taxonomy":"category","embeddable":true,"href":"https:\/\/connectaoeste.com.br\/index.php\/wp-json\/wp\/v2\/categories?post=824"},{"taxonomy":"post_tag","embeddable":true,"href":"https:\/\/connectaoeste.com.br\/index.php\/wp-json\/wp\/v2\/tags?post=824"}],"curies":[{"name":"wp","href":"https:\/\/api.w.org\/{rel}","templated":true}]}}