{"id":827,"date":"2024-07-07T10:49:55","date_gmt":"2024-07-07T13:49:55","guid":{"rendered":"https:\/\/connectaoeste.com.br\/?p=827"},"modified":"2024-07-07T10:49:56","modified_gmt":"2024-07-07T13:49:56","slug":"procon-ba-inaugura-novo-posto-de-atendimento-em-bom-jesus-da-lapa","status":"publish","type":"post","link":"https:\/\/connectaoeste.com.br\/index.php\/2024\/07\/07\/procon-ba-inaugura-novo-posto-de-atendimento-em-bom-jesus-da-lapa\/","title":{"rendered":"Procon-BA Inaugura Novo Posto de Atendimento em Bom Jesus da Lapa"},"content":{"rendered":"\n<p>O Procon-BA (Superintend\u00eancia de Prote\u00e7\u00e3o e Defesa do Consumidor), \u00f3rg\u00e3o da Secretaria de Justi\u00e7a e Direitos Humanos (SJDH), inaugurou seu mais novo posto de atendimento em Bom Jesus da Lapa nesta sexta-feira (5). A solenidade de abertura contar\u00e1 com a presen\u00e7a do titular da SJDH, Felipe Freitas. A nova unidade est\u00e1 localizada na Rua Marechal Floriano Peixoto, S\/N, no centro da cidade, no Ponto SAC do munic\u00edpio do sudoeste baiano. O atendimento ocorrer\u00e1 por demanda espont\u00e2nea, de segunda a sexta, das 8h \u00e0s 16h.<\/p>\n\n\n\n<figure class=\"wp-block-image size-large\"><img loading=\"lazy\" decoding=\"async\" width=\"1024\" height=\"110\" src=\"http:\/\/connectaoeste.com.br\/wp-content\/uploads\/2023\/11\/cropped-cropped-cropped-SITE-ID-001-10-1024x110.png\" alt=\"\" class=\"wp-image-563\" srcset=\"https:\/\/connectaoeste.com.br\/wp-content\/uploads\/2023\/11\/cropped-cropped-cropped-SITE-ID-001-10-1024x110.png 1024w, https:\/\/connectaoeste.com.br\/wp-content\/uploads\/2023\/11\/cropped-cropped-cropped-SITE-ID-001-10-300x32.png 300w, https:\/\/connectaoeste.com.br\/wp-content\/uploads\/2023\/11\/cropped-cropped-cropped-SITE-ID-001-10-768x83.png 768w, https:\/\/connectaoeste.com.br\/wp-content\/uploads\/2023\/11\/cropped-cropped-cropped-SITE-ID-001-10-1536x165.png 1536w, https:\/\/connectaoeste.com.br\/wp-content\/uploads\/2023\/11\/cropped-cropped-cropped-SITE-ID-001-10-2048x220.png 2048w, https:\/\/connectaoeste.com.br\/wp-content\/uploads\/2023\/11\/cropped-cropped-cropped-SITE-ID-001-10-200x21.png 200w\" sizes=\"auto, (max-width: 1024px) 100vw, 1024px\" \/><\/figure>\n\n\n\n<p>Esta \u00e9 a primeira unidade do Procon instalada no Territ\u00f3rio de Identidade do Velho Chico, que abrange 16 munic\u00edpios. A iniciativa resulta de uma parceria entre a SJDH e a Secretaria de Administra\u00e7\u00e3o (Saeb), atrav\u00e9s da Rede de Servi\u00e7o de Atendimento ao Cidad\u00e3o (SAC). A nova unidade fornecer\u00e1 atendimento e orienta\u00e7\u00e3o ao consumidor, beneficiando principalmente os quase 70.000 habitantes de Bom Jesus da Lapa (dados de 2020), mas tamb\u00e9m estar\u00e1 acess\u00edvel aos moradores dos munic\u00edpios vizinhos.<\/p>\n\n\n\n<p>Com a inaugura\u00e7\u00e3o do posto em Bom Jesus da Lapa, o Procon\/SJDH passa a contar com 20 postos de atendimento no interior e na Regi\u00e3o Metropolitana de Salvador, al\u00e9m de 10 postos na capital. A rede de servi\u00e7os inclui tamb\u00e9m as rotas do SAC M\u00f3vel, Procon Itinerante e Procon Videoatendimento, ampliando o acesso da popula\u00e7\u00e3o aos servi\u00e7os de prote\u00e7\u00e3o e defesa do consumidor.<\/p>\n\n\n\n<p>Para mais informa\u00e7\u00f5es sobre os servi\u00e7os do estado e diversos atendimentos, acesse [ba.gov.br](https:\/\/www.ba.gov.br).<\/p>\n\n\n\n<p><strong>Connecta oeste <\/strong><\/p>\n\n\n\n<p><strong> Conectando voc\u00ea a informa\u00e7\u00e3o de qualidade!<\/strong><\/p>\n","protected":false},"excerpt":{"rendered":"<p>O Procon-BA (Superintend\u00eancia de Prote\u00e7\u00e3o e Defesa do Consumidor), \u00f3rg\u00e3o da Secretaria de Justi\u00e7a e Direitos Humanos (SJDH), inaugurou seu mais novo posto de atendimento em Bom Jesus da Lapa nesta sexta-feira (5). A solenidade de abertura contar\u00e1 com a presen\u00e7a do titular da SJDH, Felipe Freitas. A nova unidade est\u00e1 localizada na Rua Marechal [&hellip;]<\/p>\n","protected":false},"author":1,"featured_media":828,"comment_status":"open","ping_status":"open","sticky":false,"template":"","format":"standard","meta":{"footnotes":""},"categories":[7,65,5],"tags":[],"class_list":["post-827","post","type-post","status-publish","format-standard","has-post-thumbnail","hentry","category-bahia","category-bom-jesus-da-lapa","category-noticias"],"_links":{"self":[{"href":"https:\/\/connectaoeste.com.br\/index.php\/wp-json\/wp\/v2\/posts\/827","targetHints":{"allow":["GET"]}}],"collection":[{"href":"https:\/\/connectaoeste.com.br\/index.php\/wp-json\/wp\/v2\/posts"}],"about":[{"href":"https:\/\/connectaoeste.com.br\/index.php\/wp-json\/wp\/v2\/types\/post"}],"author":[{"embeddable":true,"href":"https:\/\/connectaoeste.com.br\/index.php\/wp-json\/wp\/v2\/users\/1"}],"replies":[{"embeddable":true,"href":"https:\/\/connectaoeste.com.br\/index.php\/wp-json\/wp\/v2\/comments?post=827"}],"version-history":[{"count":1,"href":"https:\/\/connectaoeste.com.br\/index.php\/wp-json\/wp\/v2\/posts\/827\/revisions"}],"predecessor-version":[{"id":829,"href":"https:\/\/connectaoeste.com.br\/index.php\/wp-json\/wp\/v2\/posts\/827\/revisions\/829"}],"wp:featuredmedia":[{"embeddable":true,"href":"https:\/\/connectaoeste.com.br\/index.php\/wp-json\/wp\/v2\/media\/828"}],"wp:attachment":[{"href":"https:\/\/connectaoeste.com.br\/index.php\/wp-json\/wp\/v2\/media?parent=827"}],"wp:term":[{"taxonomy":"category","embeddable":true,"href":"https:\/\/connectaoeste.com.br\/index.php\/wp-json\/wp\/v2\/categories?post=827"},{"taxonomy":"post_tag","embeddable":true,"href":"https:\/\/connectaoeste.com.br\/index.php\/wp-json\/wp\/v2\/tags?post=827"}],"curies":[{"name":"wp","href":"https:\/\/api.w.org\/{rel}","templated":true}]}}