{"id":846,"date":"2024-07-08T13:08:27","date_gmt":"2024-07-08T16:08:27","guid":{"rendered":"https:\/\/connectaoeste.com.br\/?p=846"},"modified":"2024-07-08T13:08:27","modified_gmt":"2024-07-08T16:08:27","slug":"governo-federal-avalia-cobranca-de-mensalidades-para-alunos-de-alta-renda-em-instituicoes-federais","status":"publish","type":"post","link":"https:\/\/connectaoeste.com.br\/index.php\/2024\/07\/08\/governo-federal-avalia-cobranca-de-mensalidades-para-alunos-de-alta-renda-em-instituicoes-federais\/","title":{"rendered":"Governo Federal Avalia Cobran\u00e7a de Mensalidades para Alunos de Alta Renda em Institui\u00e7\u00f5es Federais"},"content":{"rendered":"\n<h3 class=\"wp-block-heading\"><\/h3>\n\n\n\n<p>O ingresso em uma institui\u00e7\u00e3o federal de ensino superior, almejado por muitos estudantes devido \u00e0 oportunidade de cursar a gradua\u00e7\u00e3o de forma gratuita, pode sofrer mudan\u00e7as significativas. O Governo Federal, ap\u00f3s descartar a possibilidade de alterar o piso de despesas com a educa\u00e7\u00e3o, est\u00e1 agora considerando a implementa\u00e7\u00e3o de mensalidades para um grupo espec\u00edfico de alunos em universidades federais. Essa medida \u00e9 debatida em meio \u00e0s restri\u00e7\u00f5es or\u00e7ament\u00e1rias que afetam o setor educacional.<\/p>\n\n\n\n<p>Recentemente, o governo brasileiro tem se debru\u00e7ado sobre diversas medidas para ajustar economicamente o pa\u00eds, com especial aten\u00e7\u00e3o ao setor educacional. A ideia de cobrar mensalidades de alunos economicamente favorecidos em universidades p\u00fablicas tem gerado debates acalorados entre os diferentes setores da sociedade. O plano, que visa inserir uma nova fonte de receita para o ensino superior, afetaria uma parte dos estudantes que frequentam as institui\u00e7\u00f5es federais. De acordo com dados do Censo da Educa\u00e7\u00e3o Superior de 2022, mais de 1,3 milh\u00e3o de alunos est\u00e3o matriculados nas universidades federais. A proposta pretende, portanto, abranger apenas aqueles cujas fam\u00edlias possuem renda considerada alta.<\/p>\n\n\n\n<figure class=\"wp-block-image size-large\"><img loading=\"lazy\" decoding=\"async\" width=\"1024\" height=\"110\" src=\"http:\/\/connectaoeste.com.br\/wp-content\/uploads\/2023\/11\/cropped-cropped-cropped-SITE-ID-001-10-1024x110.png\" alt=\"\" class=\"wp-image-563\" srcset=\"https:\/\/connectaoeste.com.br\/wp-content\/uploads\/2023\/11\/cropped-cropped-cropped-SITE-ID-001-10-1024x110.png 1024w, https:\/\/connectaoeste.com.br\/wp-content\/uploads\/2023\/11\/cropped-cropped-cropped-SITE-ID-001-10-300x32.png 300w, https:\/\/connectaoeste.com.br\/wp-content\/uploads\/2023\/11\/cropped-cropped-cropped-SITE-ID-001-10-768x83.png 768w, https:\/\/connectaoeste.com.br\/wp-content\/uploads\/2023\/11\/cropped-cropped-cropped-SITE-ID-001-10-1536x165.png 1536w, https:\/\/connectaoeste.com.br\/wp-content\/uploads\/2023\/11\/cropped-cropped-cropped-SITE-ID-001-10-2048x220.png 2048w, https:\/\/connectaoeste.com.br\/wp-content\/uploads\/2023\/11\/cropped-cropped-cropped-SITE-ID-001-10-200x21.png 200w\" sizes=\"auto, (max-width: 1024px) 100vw, 1024px\" \/><\/figure>\n\n\n\n<p>Diante do desafio de equilibrar as contas p\u00fablicas e manter a qualidade da educa\u00e7\u00e3o superior, o governo busca alternativas que n\u00e3o comprometam o acesso ao ensino. A cobran\u00e7a de mensalidades de alunos com alta capacidade financeira se apresenta como uma solu\u00e7\u00e3o intermedi\u00e1ria, que protegeria o acesso gratuito para a maioria enquanto contribui com a sustentabilidade financeira das institui\u00e7\u00f5es.<\/p>\n\n\n\n<p>Especialistas em educa\u00e7\u00e3o e economia est\u00e3o divididos quanto aos efeitos dessa medida. Alguns acreditam que ela pode garantir mais recursos para as universidades, que enfrentam constantes cortes em seus or\u00e7amentos. Outros, no entanto, temem que isso possa abrir precedentes para a diminui\u00e7\u00e3o progressiva da gratuidade no ensino p\u00fablico superior, alterando profundamente o modelo educacional brasileiro.<\/p>\n\n\n\n<p><strong>Connecta oeste <\/strong><\/p>\n\n\n\n<p><strong>Conectando voc\u00ea a informa\u00e7\u00e3o de qualidade!<\/strong><\/p>\n","protected":false},"excerpt":{"rendered":"<p>O ingresso em uma institui\u00e7\u00e3o federal de ensino superior, almejado por muitos estudantes devido \u00e0 oportunidade de cursar a gradua\u00e7\u00e3o de forma gratuita, pode sofrer mudan\u00e7as significativas. O Governo Federal, ap\u00f3s descartar a possibilidade de alterar o piso de despesas com a educa\u00e7\u00e3o, est\u00e1 agora considerando a implementa\u00e7\u00e3o de mensalidades para um grupo espec\u00edfico de [&hellip;]<\/p>\n","protected":false},"author":1,"featured_media":847,"comment_status":"open","ping_status":"open","sticky":false,"template":"","format":"standard","meta":{"footnotes":""},"categories":[8,60,5],"tags":[],"class_list":["post-846","post","type-post","status-publish","format-standard","has-post-thumbnail","hentry","category-brasil","category-educacao","category-noticias"],"_links":{"self":[{"href":"https:\/\/connectaoeste.com.br\/index.php\/wp-json\/wp\/v2\/posts\/846","targetHints":{"allow":["GET"]}}],"collection":[{"href":"https:\/\/connectaoeste.com.br\/index.php\/wp-json\/wp\/v2\/posts"}],"about":[{"href":"https:\/\/connectaoeste.com.br\/index.php\/wp-json\/wp\/v2\/types\/post"}],"author":[{"embeddable":true,"href":"https:\/\/connectaoeste.com.br\/index.php\/wp-json\/wp\/v2\/users\/1"}],"replies":[{"embeddable":true,"href":"https:\/\/connectaoeste.com.br\/index.php\/wp-json\/wp\/v2\/comments?post=846"}],"version-history":[{"count":1,"href":"https:\/\/connectaoeste.com.br\/index.php\/wp-json\/wp\/v2\/posts\/846\/revisions"}],"predecessor-version":[{"id":848,"href":"https:\/\/connectaoeste.com.br\/index.php\/wp-json\/wp\/v2\/posts\/846\/revisions\/848"}],"wp:featuredmedia":[{"embeddable":true,"href":"https:\/\/connectaoeste.com.br\/index.php\/wp-json\/wp\/v2\/media\/847"}],"wp:attachment":[{"href":"https:\/\/connectaoeste.com.br\/index.php\/wp-json\/wp\/v2\/media?parent=846"}],"wp:term":[{"taxonomy":"category","embeddable":true,"href":"https:\/\/connectaoeste.com.br\/index.php\/wp-json\/wp\/v2\/categories?post=846"},{"taxonomy":"post_tag","embeddable":true,"href":"https:\/\/connectaoeste.com.br\/index.php\/wp-json\/wp\/v2\/tags?post=846"}],"curies":[{"name":"wp","href":"https:\/\/api.w.org\/{rel}","templated":true}]}}