{"id":855,"date":"2024-07-11T10:10:06","date_gmt":"2024-07-11T13:10:06","guid":{"rendered":"https:\/\/connectaoeste.com.br\/?p=855"},"modified":"2024-07-11T10:10:06","modified_gmt":"2024-07-11T13:10:06","slug":"7a-festa-da-feira-da-agricultura-familiar-em-correntina","status":"publish","type":"post","link":"https:\/\/connectaoeste.com.br\/index.php\/2024\/07\/11\/7a-festa-da-feira-da-agricultura-familiar-em-correntina\/","title":{"rendered":"7\u00aa Festa da Feira da Agricultura Familiar Em Correntina"},"content":{"rendered":"\n<p>A Feira da Agricultura Familiar comemora sete anos com uma programa\u00e7\u00e3o que promete agitar a cidade. Com atra\u00e7\u00f5es musicais e eventos variados, a celebra\u00e7\u00e3o acontecer\u00e1 de quarta a s\u00e1bado, proporcionando entretenimento e divers\u00e3o para todas as idades.<\/p>\n\n\n\n<p>As principais atra\u00e7\u00f5es musicais incluem Jo\u00e3o Bosco e Vin\u00edcius, Lim\u00e3o com Mel e Tomate, que se apresentar\u00e3o ao longo dos quatro dias de festa. Al\u00e9m dos shows, a programa\u00e7\u00e3o de s\u00e1bado reserva eventos especiais para os amantes de ve\u00edculos.<\/p>\n\n\n\n<figure class=\"wp-block-image size-large\"><img loading=\"lazy\" decoding=\"async\" width=\"1024\" height=\"110\" src=\"http:\/\/connectaoeste.com.br\/wp-content\/uploads\/2023\/11\/cropped-cropped-cropped-SITE-ID-001-10-1024x110.png\" alt=\"\" class=\"wp-image-563\" srcset=\"https:\/\/connectaoeste.com.br\/wp-content\/uploads\/2023\/11\/cropped-cropped-cropped-SITE-ID-001-10-1024x110.png 1024w, https:\/\/connectaoeste.com.br\/wp-content\/uploads\/2023\/11\/cropped-cropped-cropped-SITE-ID-001-10-300x32.png 300w, https:\/\/connectaoeste.com.br\/wp-content\/uploads\/2023\/11\/cropped-cropped-cropped-SITE-ID-001-10-768x83.png 768w, https:\/\/connectaoeste.com.br\/wp-content\/uploads\/2023\/11\/cropped-cropped-cropped-SITE-ID-001-10-1536x165.png 1536w, https:\/\/connectaoeste.com.br\/wp-content\/uploads\/2023\/11\/cropped-cropped-cropped-SITE-ID-001-10-2048x220.png 2048w, https:\/\/connectaoeste.com.br\/wp-content\/uploads\/2023\/11\/cropped-cropped-cropped-SITE-ID-001-10-200x21.png 200w\" sizes=\"auto, (max-width: 1024px) 100vw, 1024px\" \/><\/figure>\n\n\n\n<p><\/p>\n\n\n\n<p>A 7\u00aa Festa da Feira da Agricultura Familiar \u00e9 uma oportunidade para a comunidade celebrar a agricultura local, desfrutar de boa m\u00fasica e contribuir com a economia local. N\u00e3o perca!<\/p>\n\n\n\n<p><strong>Connecta oeste. <\/strong><\/p>\n\n\n\n<p><strong>Conectando voc\u00ea a informa\u00e7\u00e3o de qualidade!<\/strong><\/p>\n","protected":false},"excerpt":{"rendered":"<p>A Feira da Agricultura Familiar comemora sete anos com uma programa\u00e7\u00e3o que promete agitar a cidade. Com atra\u00e7\u00f5es musicais e eventos variados, a celebra\u00e7\u00e3o acontecer\u00e1 de quarta a s\u00e1bado, proporcionando entretenimento e divers\u00e3o para todas as idades. As principais atra\u00e7\u00f5es musicais incluem Jo\u00e3o Bosco e Vin\u00edcius, Lim\u00e3o com Mel e Tomate, que se apresentar\u00e3o ao [&hellip;]<\/p>\n","protected":false},"author":1,"featured_media":856,"comment_status":"open","ping_status":"open","sticky":false,"template":"","format":"standard","meta":{"footnotes":""},"categories":[7,45,62,63],"tags":[],"class_list":["post-855","post","type-post","status-publish","format-standard","has-post-thumbnail","hentry","category-bahia","category-correntina","category-evento","category-festa"],"_links":{"self":[{"href":"https:\/\/connectaoeste.com.br\/index.php\/wp-json\/wp\/v2\/posts\/855","targetHints":{"allow":["GET"]}}],"collection":[{"href":"https:\/\/connectaoeste.com.br\/index.php\/wp-json\/wp\/v2\/posts"}],"about":[{"href":"https:\/\/connectaoeste.com.br\/index.php\/wp-json\/wp\/v2\/types\/post"}],"author":[{"embeddable":true,"href":"https:\/\/connectaoeste.com.br\/index.php\/wp-json\/wp\/v2\/users\/1"}],"replies":[{"embeddable":true,"href":"https:\/\/connectaoeste.com.br\/index.php\/wp-json\/wp\/v2\/comments?post=855"}],"version-history":[{"count":2,"href":"https:\/\/connectaoeste.com.br\/index.php\/wp-json\/wp\/v2\/posts\/855\/revisions"}],"predecessor-version":[{"id":858,"href":"https:\/\/connectaoeste.com.br\/index.php\/wp-json\/wp\/v2\/posts\/855\/revisions\/858"}],"wp:featuredmedia":[{"embeddable":true,"href":"https:\/\/connectaoeste.com.br\/index.php\/wp-json\/wp\/v2\/media\/856"}],"wp:attachment":[{"href":"https:\/\/connectaoeste.com.br\/index.php\/wp-json\/wp\/v2\/media?parent=855"}],"wp:term":[{"taxonomy":"category","embeddable":true,"href":"https:\/\/connectaoeste.com.br\/index.php\/wp-json\/wp\/v2\/categories?post=855"},{"taxonomy":"post_tag","embeddable":true,"href":"https:\/\/connectaoeste.com.br\/index.php\/wp-json\/wp\/v2\/tags?post=855"}],"curies":[{"name":"wp","href":"https:\/\/api.w.org\/{rel}","templated":true}]}}